{"id":47380,"date":"2017-09-06T15:00:22","date_gmt":"2017-09-06T15:00:22","guid":{"rendered":"http:\/\/plazajuarez.mx\/index\/index.php\/2017\/09\/06\/alfil-negro-920\/"},"modified":"2017-09-06T15:00:22","modified_gmt":"2017-09-06T15:00:22","slug":"alfil-negro-920","status":"publish","type":"post","link":"https:\/\/plazajuarez.mx\/historico\/alfil-negro-920\/","title":{"rendered":"ALFIL NEGRO"},"content":{"rendered":"<p>EL COSTO POL\u00cdTICO QUE PAGA OMAR FAYAD<br \/>POR RECOMPONER LAS COSAS EN HIDALGO<\/p>\n<p>  <!--more-->  <\/p>\n<p>El d\u00eda de ayer el Gobernador OMAR FAYAD, inici\u00f3 lo que seguramente deben ser en adelante los informes de gobierno, que dejar\u00e1n de ser el d\u00eda del gobernador, \u00a0para ser el d\u00eda en que el pueblo de Hidalgo se entere de lo que se ha logrado con decisi\u00f3n y con ganas de progresar, sin parar en oposiciones y hasta amenazas de quienes se sienten lastimados por quedarse sin privilegios.<br \/>Dijo que no habr\u00eda informe como ven\u00eda siendo costumbre y cumpli\u00f3. <br \/>Ahora se sabe que reunido con su gabinete a eso de las 4 de la ma\u00f1ana les dijo, que en lugar de que fuera el Secretario SIM\u00d3N VARGAS a entregar el informe, ir\u00eda personalmente para hacerlo y tambi\u00e9n para entablar un di\u00e1logo con los se\u00f1ores diputados.<br \/>La decisi\u00f3n del gobernador permiti\u00f3 entre otras cosas, primeramente informar a Hidalgo de lo avanzado en este primer a\u00f1o, con el aval irrefutable de LOS INDICADORES que se pueden consultar en la p\u00e1gina del gobierno del estado, que no dejan dudas de lo logrado, \u00a0porque en ellos se encuentran lo marcado como reto y lo logrado que en este primer a\u00f1o se alcanzan, por cada uno de los secretarios que tienen estrellita por su buen trabajo. <br \/>Ese es un primer logro del informe, que palomea al gabinete, \u00a0a LA NUEVA CLASE POL\u00cdTICA, que entr\u00f3 como propuesta del gobernador, en lugar de quienes por a\u00f1os, edad y permanencia por a\u00f1os fueron relevados por j\u00f3venes brillantes que con hechos demostraron una buena elecci\u00f3n.<br \/>Pero aparte de este primer y principal logro, su asistencia al Congreso, dej\u00f3 con un palmo de narices a los antorchos que amenazaron con marchar cor miles, este d\u00eda, en un reclamo que cansa por lo absurdo , ahora de 1600 millones de pesos para las obras que ellos decidan para los pobres, cuando el manejo del dinero del pueblo del gobierno del estado, se hace de acuerdo a un Plan Estatal de Desarrollo y al concepto de georeferenciaci\u00f3n que el d\u00eda de ayer, en el Congreso el mismo gobernador explic\u00f3, para que se entienda c\u00f3mo se ejerce el dinero p\u00fablico, con un plan y no por capricho o por \u00a0chantajes como hacen siempre los de esta organizaci\u00f3n.<br \/>En el mismo movimiento de asistencia, el Jefe del Ejecutivo mostr\u00f3 un gran respeto por el poder Legislativo, reconocido en su di\u00e1logo con los diputados como hacedores de lo logrado junto con los ciudadanos y el poder Ejecutivo .<br \/>De otro modo, se hubiera dado motivo para mucha grilla desde la tribuna de algunos legisladores que hubieran tenido tema para sus propias parceles, y que ahora no la tendr\u00e1n.<br \/>LOS COSTOS POL\u00cdTICOS A PAGAR\u2026<br \/>Los logros que tiene el gobierno de OMAR FAYAD, en este primer a\u00f1o se tienen por medidas que han requerido \u00a0DECISI\u00d3N, sin parar en el precio que se ha tenido que pagar . Cuando el diputado CANEK V\u00c1ZQUEZ presidente de la Comisi\u00f3n de Hacienda, le pregunt\u00f3 los caminos para lograr una buena calificaci\u00f3n crediticia \u00a0de STANDAR AND POOR\u2019S, que le permite a Hidalgo una presencia en el mundo del dinero inmejorable y ni se diga para las inversiones, el gobernador se\u00f1al\u00f3 que para lograr esta excelente calificaci\u00f3n que no se ten\u00eda en 20 a\u00f1os, porque ning\u00fan gobierno pudo aumentarla \u00a0y \u00a0se logr\u00f3 en 10 meses de esta administraci\u00f3n. Para ello \u00a0fue necesario entre otras cosas poner en marcha \u00a0medidas como: DISCIPLINA FINANCIERA, ADELGAZAR UNA BUROCRACIA OBESA EN EL GOBIERNO DEL ESTADO Y MEDIDAS COMO EL RECORTE DE PLAZAS \u00a0con un \u201cCOSTO POL\u00cdTICO ALT\u00cdSIMO\u201c, pero que de no tomarse no se le daba viabilidad a HIDALGO.<br \/>El gobernador dijo: \u00a0\u201cun costo con mi propio partido y lo asumo. Porque si no tendr\u00edamos que pedir un cr\u00e9dito cada a\u00f1o porque as\u00ed se ha hecho hist\u00f3ricamente para pagar el aguinaldo y ya no queremos eso. \u00a0y \u00a0\u00bfHay un \u00a0costo pol\u00edtico contra el gobernador? S\u00ed. \u00a0Hay quien me dijo que me la iba a cobrar en las pr\u00f3ximas elecciones y es de mi propio partido y lo lamento , \u00a0pero espero que haya la suficiente conciencia para que no haya un revanchismo porque no lo hice por mi, lo hice por HIDALGO, porque la n\u00f3mina se paga con dinero de los hidalguenses y ten\u00edamos una n\u00f3mina obesa que crec\u00eda al 8 por ciento cada a\u00f1o, \u00a0imag\u00ednense c\u00f3mo \u00edbamos a terminar al final de mi administraci\u00f3n. Yo espero que me comprendan, porque s\u00e9 que act\u00fae con responsabilidad . Y si me pregunta si lo volver\u00eda a hacer pese al costo pol\u00edtico, \u00a0s\u00ed, \u00a0lo volver\u00eda a hacer porque le estoy dando viabilidad a HIDALGO.<br \/>NI UN PASO ATR\u00c1S\u2026 <br \/>Lo cierto es que el gobernador encuentras piedras y piedrotas en su camino por su estilo de gobernar, de los que han perdido privilegios o se sienten afectados no sorprende si acaso lo que \u00a0\u00a0\u00e9l mismo se\u00f1al\u00f3 que \u00a0cuando dijo hasta amenazas ha recibido de GENTES DE SU MISMO PARTIDO, que amenazan con cobr\u00e1rselas en las elecciones. <br \/>\u00bfCu\u00e1ntos estar\u00e1n en las mismas actitudes?.<br \/>Cu\u00e1ntos de los que perdieron sus para\u00edsos, de los que est\u00e1n en la lista de \u00a0pillos y la ley los cerca, de ex gente grande que ya no lo es y que por lo mismo sienten que es hora de la revancha o de grupos que ya no ven claro en cuanto a \u00a0dinero f\u00e1cil, o de grupos de poder que no ven horizonte dorado en cuanto a posibilidades de puestos?<br \/>Seguramente muchos que intentar\u00e1n jugar sus cartas para estorbar y hasta lastimar .<br \/>Pero son m\u00e1s lo que desean que el gobernador no de ni un paso atr\u00e1s en su lucha contra la corrupci\u00f3n.<br \/>En eso cuenta con el apoyo ciudadano que son mayor\u00eda\u2026<br \/>No deja de llamar la atenci\u00f3n que gente de su propio \u00a0partido lo amenacen para las elecciones. <br \/>De suyo se dice que gan\u00f3 la gubernatura con muy poco apoyo de su partido que en los d\u00edas de campa\u00f1a hac\u00eda como que lo apoyaba, pero con \u00f3rdenes de no mover un dedo realmente para apoyarlo.<br \/>Quien gan\u00f3 fue la gente, los ciudadanos que siguen ganando con \u00e9l.<br \/>El equipo del Gobernador bien\u2026 muy bien en general.<\/p>\n","protected":false},"excerpt":{"rendered":"<p>EL COSTO POL\u00cdTICO QUE PAGA OMAR FAYADPOR RECOMPONER LAS COSAS EN HIDALGO<\/p>\n","protected":false},"author":93,"featured_media":0,"comment_status":"open","ping_status":"open","sticky":false,"template":"","format":"standard","meta":{"footnotes":""},"categories":[48],"tags":[],"class_list":["post-47380","post","type-post","status-publish","format-standard","hentry","category-adalberto-peralta"],"_links":{"self":[{"href":"https:\/\/plazajuarez.mx\/historico\/wp-json\/wp\/v2\/posts\/47380","targetHints":{"allow":["GET"]}}],"collection":[{"href":"https:\/\/plazajuarez.mx\/historico\/wp-json\/wp\/v2\/posts"}],"about":[{"href":"https:\/\/plazajuarez.mx\/historico\/wp-json\/wp\/v2\/types\/post"}],"author":[{"embeddable":true,"href":"https:\/\/plazajuarez.mx\/historico\/wp-json\/wp\/v2\/users\/93"}],"replies":[{"embeddable":true,"href":"https:\/\/plazajuarez.mx\/historico\/wp-json\/wp\/v2\/comments?post=47380"}],"version-history":[{"count":0,"href":"https:\/\/plazajuarez.mx\/historico\/wp-json\/wp\/v2\/posts\/47380\/revisions"}],"wp:attachment":[{"href":"https:\/\/plazajuarez.mx\/historico\/wp-json\/wp\/v2\/media?parent=47380"}],"wp:term":[{"taxonomy":"category","embeddable":true,"href":"https:\/\/plazajuarez.mx\/historico\/wp-json\/wp\/v2\/categories?post=47380"},{"taxonomy":"post_tag","embeddable":true,"href":"https:\/\/plazajuarez.mx\/historico\/wp-json\/wp\/v2\/tags?post=47380"}],"curies":[{"name":"wp","href":"https:\/\/api.w.org\/{rel}","templated":true}]}}