{"id":47375,"date":"2017-09-06T14:50:02","date_gmt":"2017-09-06T14:50:02","guid":{"rendered":"http:\/\/plazajuarez.mx\/index\/index.php\/2017\/09\/06\/la-captura-y-la-impunidad\/"},"modified":"2017-09-06T14:50:02","modified_gmt":"2017-09-06T14:50:02","slug":"la-captura-y-la-impunidad","status":"publish","type":"post","link":"https:\/\/plazajuarez.mx\/historico\/la-captura-y-la-impunidad\/","title":{"rendered":"La captura y la impunidad"},"content":{"rendered":"<p>\u00a0\u00a0\u00a0 \u2022\u00a0\u00a0 \u00a0En el viejo r\u00e9gimen se ten\u00edan mecanismos para legitimar los cambios de gobierno. Cada sexenio llegaba un nuevo presidente y marcaba un punto y aparte con la administraci\u00f3n anterior. Tomaba distancia y, como parte de la separaci\u00f3n, algunos personajes ca\u00edan en desgracia y pasaban algunos a\u00f1os en la c\u00e1rcel. Pagan la factura de toda la corrupci\u00f3n\u2028<\/p>\n<p>  <!--more-->  <\/p>\n<p>\u00a0<br \/>Hoy estamos ante una nueva disyuntiva, autonom\u00eda o captura e impunidad. Ya hemos visto c\u00f3mo poco a poco las instituciones aut\u00f3nomas han quedado atrapadas por los intereses particulares de los partidos pol\u00edticos. As\u00ed, la tutela de los derechos ciudadanos ha sido sometida a los intereses de una clase pol\u00edtica que se las ha ingeniado para hacer los nombramientos estrat\u00e9gicos mediante cuotas y cuates. Ahora se trata de algo muy importante para dejarlo pasar: el nombramiento de quien encabezar\u00e1 la pr\u00f3xima Fiscal\u00eda General de la Rep\u00fablica, que est\u00e1 dise\u00f1ada para ser un espacio aut\u00f3nomo que dejar\u00e1 de estar subordinado al presidente de la Rep\u00fablica.<br \/>En el viejo r\u00e9gimen se ten\u00edan mecanismos para legitimar los cambios de gobierno. Cada sexenio llegaba un nuevo presidente y marcaba un punto y aparte con la administraci\u00f3n anterior. Tomaba distancia y, como parte de la separaci\u00f3n, algunos personajes ca\u00edan en desgracia y pasaban algunos a\u00f1os en la c\u00e1rcel. Pagan la factura de toda la corrupci\u00f3n. Por supuesto, no se trataba de procedimientos apegados a la ley, ni tampoco eran resultado de un mecanismo de impartici\u00f3n de justicia, sino que formaban parte de un ajuste de cuentas. Con la alternancia el mecanismo se atrofi\u00f3, dejaron de ser aceptables esos arreglos, pero no se desarrollan los dispositivos de un Estado de derecho, para legitimar un sistema democr\u00e1tico de justicia y rendici\u00f3n de cuentas. <br \/>En estos momentos, que se acerca una nueva sucesi\u00f3n presidencial y el actual partido gobernante puede perder las elecciones en 2018, esa posibilidad genera p\u00e1nico, porque esta administraci\u00f3n \u2014que ha sido muy corrupta\u2014 quedar\u00eda a disposici\u00f3n de un nuevo sistema de impartici\u00f3n de justicia. Esa posibilidad podr\u00eda llevar a varios de los actuales gobernantes a rendir cuentas ante la justicia. As\u00ed como le ha pasado a la generaci\u00f3n de gobernadores corruptos que acompa\u00f1aron al presidente Pe\u00f1a Nieto desde su llegada al poder. Si Veracruz, Chihuahua y Quintana Roo los hubiera ganado el PRI en 2016, es muy probable que la suerte de los dos Duarte y Borge ser\u00eda diferente a la que hoy tienen.<br \/>Cuando se hizo la reforma para transformar la actual PGR en Fiscal\u00eda, se aprob\u00f3 un art\u00edculo transitorio para darle pase autom\u00e1tico a la persona que fuera procurador o procuradora para ser fiscal por nueve a\u00f1os. Dos a\u00f1os despu\u00e9s, se descubri\u00f3 la trampita: a finales de octubre de 2016 lleg\u00f3 como procurador el amigo de Pe\u00f1a Nieto, Ra\u00fal Cervantes, conocido pri\u00edsta, llamado el fiscal &#8220;carnal&#8221;. Un mes despu\u00e9s, a finales de noviembre de 2016, el presidente mand\u00f3 una correcci\u00f3n para quitar el pase autom\u00e1tico, pero esa iniciativa no ha pasado y se archiv\u00f3. Hoy el PRI quiere terminar el proceso y hacer v\u00e1lido el pase autom\u00e1tico para ubicar a Cervantes en la fiscal\u00eda de forma transexenal por nueve a\u00f1os.<br \/>Si camina y nada como pato, entonces podemos sospechar que es un pato. Dejar al amigo en el cargo que se encargar\u00e1 de perseguir el delito, puede garantizar protecci\u00f3n e impunidad. Ser\u00eda como si en Chihuahua, Veracruz y Quintana Roo se hubiera nombrado a fiscales amigos de los gobernadores que perdieron las elecciones, \u00bfcu\u00e1l habr\u00eda sido la suerte de los Duarte y de Borge? Muy probablemente seguir\u00edan libres y tan campantes. \u00bfC\u00f3mo llegamos a esta situaci\u00f3n? Resulta que el famoso pase autom\u00e1tico pas\u00f3 con la autorizaci\u00f3n de la mayor\u00eda de partidos, pero una cosa era el pa\u00eds en 2013 y otra en 2017. <br \/>La cercan\u00eda de la sucesi\u00f3n y la guerra sucia entre partidos ha llevado al panismo a levantar la bandera en contra del pase autom\u00e1tico de Ra\u00fal Cervantes, un mecanismo que se aprob\u00f3 hace unos a\u00f1os. Esta contradicci\u00f3n en el bloque de poder de la partidocracia necesita ser aprovechado para detener ese nombramiento. Hay un movimiento de organizaciones sociales en contra del pase autom\u00e1tico cuya demanda es: #VamosPorUnaFiscaliaQueSirva. <br \/>Hay momentos en donde el pacto de impunidad entre el PRI de Pe\u00f1a Nieto y un sector del panismo cercano a Felipe Calder\u00f3n, representado por un grupo de senadores (Lozano, Gil, Cordero, Vega y Lavalle), se vuelve una amenaza para nuestra ya muy vulnerada democracia. Hoy es uno de esos momentos, por eso es urgente detener ya la posible captura de la nueva fiscal\u00eda\u2026 <br \/>@AzizNassif<\/p>\n","protected":false},"excerpt":{"rendered":"<p>\u00a0\u00a0\u00a0 \u2022\u00a0\u00a0 \u00a0En el viejo r\u00e9gimen se ten\u00edan mecanismos para legitimar los cambios de gobierno. Cada sexenio llegaba un nuevo presidente y marcaba un punto y aparte con la administraci\u00f3n anterior. Tomaba distancia y, como parte de la separaci\u00f3n, algunos personajes ca\u00edan en desgracia y pasaban algunos a\u00f1os en la c\u00e1rcel. Pagan la factura de [&hellip;]<\/p>\n","protected":false},"author":93,"featured_media":0,"comment_status":"open","ping_status":"open","sticky":false,"template":"","format":"standard","meta":{"footnotes":""},"categories":[42],"tags":[],"class_list":["post-47375","post","type-post","status-publish","format-standard","hentry","category-nuestrapalabra"],"_links":{"self":[{"href":"https:\/\/plazajuarez.mx\/historico\/wp-json\/wp\/v2\/posts\/47375","targetHints":{"allow":["GET"]}}],"collection":[{"href":"https:\/\/plazajuarez.mx\/historico\/wp-json\/wp\/v2\/posts"}],"about":[{"href":"https:\/\/plazajuarez.mx\/historico\/wp-json\/wp\/v2\/types\/post"}],"author":[{"embeddable":true,"href":"https:\/\/plazajuarez.mx\/historico\/wp-json\/wp\/v2\/users\/93"}],"replies":[{"embeddable":true,"href":"https:\/\/plazajuarez.mx\/historico\/wp-json\/wp\/v2\/comments?post=47375"}],"version-history":[{"count":0,"href":"https:\/\/plazajuarez.mx\/historico\/wp-json\/wp\/v2\/posts\/47375\/revisions"}],"wp:attachment":[{"href":"https:\/\/plazajuarez.mx\/historico\/wp-json\/wp\/v2\/media?parent=47375"}],"wp:term":[{"taxonomy":"category","embeddable":true,"href":"https:\/\/plazajuarez.mx\/historico\/wp-json\/wp\/v2\/categories?post=47375"},{"taxonomy":"post_tag","embeddable":true,"href":"https:\/\/plazajuarez.mx\/historico\/wp-json\/wp\/v2\/tags?post=47375"}],"curies":[{"name":"wp","href":"https:\/\/api.w.org\/{rel}","templated":true}]}}