{"id":47323,"date":"2017-09-05T14:40:55","date_gmt":"2017-09-05T14:40:55","guid":{"rendered":"http:\/\/plazajuarez.mx\/index\/index.php\/2017\/09\/05\/racismo-de-parks-a-heyer\/"},"modified":"2017-09-05T14:40:55","modified_gmt":"2017-09-05T14:40:55","slug":"racismo-de-parks-a-heyer","status":"publish","type":"post","link":"https:\/\/plazajuarez.mx\/historico\/racismo-de-parks-a-heyer\/","title":{"rendered":"Racismo: de Parks a Heyer"},"content":{"rendered":"<p>\u00a0\u00a0\u00a0 \u2022\u00a0\u00a0 \u00a0Rosa Parks naci\u00f3 en Tuskegee, Alabama, y es considerada una figura crucial del movimiento en defensa de los derechos civiles en Estados Unidos\u2028<\/p>\n<p>  <!--more-->  <\/p>\n<p>Entre &#8220;la sublevaci\u00f3n&#8221; en 1955 \u2014sublevaci\u00f3n es palabra m\u00eda\u2014 de Rosa Parks (1913-2005), el asesinato de Heather Heyer (1985-2017) y el indulto a Joe Arpaio concedido por Donald Trump (26 de agosto) median 62 a\u00f1os.<br \/>Rosa Parks naci\u00f3 en Tuskegee, Alabama, y es considerada una figura crucial del movimiento en defensa de los derechos civiles en Estados Unidos. El inicio de su sublevaci\u00f3n parece simple, pero no lo fue: en 1955, mientras viajaba en un autob\u00fas, se neg\u00f3 a cederle el asiento a un blanco y moverse a la parte trasera tal y como lo dictaban las reglas.<br \/>Los transportes p\u00fablicos ten\u00edan &#8220;una frontera&#8221;: una l\u00ednea divid\u00eda los asientos, los primeros para los blancos, los traseros para los negros. El conductor del autob\u00fas donde viajaba Parks les orden\u00f3 a ella y a otras tres personas de raza negra ceder sus asientos a un blanco que reci\u00e9n hab\u00eda subido. Todos, menos Parks, acataron la orden. Debido al incidente fue encarcelada por perturbar las reglas.<br \/>Semanas despu\u00e9s del affaire Parks, se inici\u00f3 el &#8220;Boicot de autobuses de Montgomery&#8221;, protesta social y pol\u00edtica contra la segregaci\u00f3n racial en el sistema de transporte p\u00fablico. La lucha dur\u00f3 un a\u00f1o: en 1956 la Corte Suprema de Justicia declar\u00f3 inconstitucionales las leyes que exig\u00edan la segregaci\u00f3n racial en Montgomery \u2014recomiendo observar en la red fotograf\u00edas de Parks en el autob\u00fas y las de su fichaje en la c\u00e1rcel, donde sostiene, dir\u00eda yo, con orgullo, el n\u00famero 7053\u2014. En 2005, poco despu\u00e9s de su fallecimiento, sus restos fueron honrados en la Rotonda del Capitolio, convirti\u00e9ndose en la primera mujer y la segunda persona afroamericana en recibir esa distinci\u00f3n. Entre el movimiento iniciado por Parks y el asesinato de Heather Heyer transcurrieron 62 a\u00f1os.<br \/>Heather Heyer (32 a\u00f1os) fue asesinada el 12 de agosto de 2017 mientras protestaba contra supremacistas blancos en Charlottesville, Virginia. Como se sabe, ese d\u00eda, ultranacionalistas blancos y manifestantes opositores se enfrentaron debido a la orden de remover la estatua del general Robert E. Lee, s\u00edmbolo de la esclavitud en el pa\u00eds. Heyer muri\u00f3 arrollada por el autom\u00f3vil que conduc\u00eda James Alex Fields, integrante del grupo ultranacionalista; junto con Heyer, 19 personas fueron heridas. Heyer era asistente legal y activista. De acuerdo con Susan Bro, madre de Heather, su hija hab\u00eda ido a protestar contra la marcha supremacista, porque &#8220;quer\u00eda ponerle fin a la injusticia&#8221;.<br \/>Los tuits de Trump, tras el suceso, son memorables; no superan otras trumpadas \u2014Trump nunca dejar\u00e1 de competir contra Trump\u2014 pero es culmen del desaseo, de la falta de sensibilidad y de la imbecilidad: &#8220;Creo que ambos bandos tienen la culpa, de eso no hay duda&#8221;; &#8220;No toda esa gente era neonazi, no toda esa gente eran supremacistas blancos&#8221;; &#8220;Hubo un grupo de un lado que fue malo y hubo un grupo del otro lado que tambi\u00e9n fue malo&#8221;. Entre los sucesos de Charlottesville y el indulto del ex sheriff Arpaio transcurrieron dos semanas.<br \/>El 25 de agosto, la Casa Blanca afirm\u00f3, &#8220;la carrera de Arpaio, que ha trabajado 50 a\u00f1os en las fuerzas de seguridad, desde el Ej\u00e9rcito a la agencia antidrogas (DEA, siglas en ingl\u00e9s), pasando por varios cuerpos de polic\u00eda, ejemplifica el servicio p\u00fablico desinteresado&#8221;. Debido a lo anterior y a la edad (85 a\u00f1os) del sheriff racista, Trump lo indult\u00f3. La opini\u00f3n de la Casa Blanca choca contra la realidad: Arpaio es una de las caras m\u00e1s visibles del racismo antiinmigrante.<br \/>Dentro de sus incontables y execrables acciones contra los migrantes destaca el montaje de una c\u00e1rcel al aire libre en Phoenix, con tiendas de campa\u00f1a que llam\u00f3 tent city. All\u00ed los detenidos eran brutalmente humillados: vest\u00edan trajes a rayas y ten\u00edan que soportar temperaturas hasta de 45 grados. Trump lo perdon\u00f3 por dos razones: am\u00e9n de ser uno de sus grandes aliados pol\u00edticos era necesario alimentar a los trumpistas m\u00e1s recalcitrantes.<br \/>Entre el loable acto protagonizado por Parks, el lamentable asesinato de Heyer, los tuits acad\u00e9micos de Trump y el indulto de Arpaio, Estados Unidos, y el mundo, confrontan una nueva epidemia de racismo, cuyo fuerza, in crescendo, v\u00e9ase Europa del Este, l\u00e9ase Trump, l\u00e9ase discriminaci\u00f3n contra los ind\u00edgenas en M\u00e9xico, amenaza la estabilidad del mundo.<br \/>Notas insomnes. En Tuskegee, cuna de Parks, entre 1932 y 1972, el Servicio P\u00fablico de Salud de EU llev\u00f3 a cabo uno de los experimentos m\u00e1s crueles de la medicina. Seiscientos afroamericanos fueron estudiados para observar la progresi\u00f3n natural de la s\u00edfilis no tratada. A pesar de contarse con penicilina desde la d\u00e9cada de los cuarenta, que ofrec\u00eda la posibilidad de curaci\u00f3n, el experimento no se dio por finiquitado, pues, para los investigadores, el grupo representaba una oportunidad \u00fanica para estudiar la s\u00edfilis.<\/p>\n","protected":false},"excerpt":{"rendered":"<p>\u00a0\u00a0\u00a0 \u2022\u00a0\u00a0 \u00a0Rosa Parks naci\u00f3 en Tuskegee, Alabama, y es considerada una figura crucial del movimiento en defensa de los derechos civiles en Estados Unidos\u2028<\/p>\n","protected":false},"author":93,"featured_media":0,"comment_status":"open","ping_status":"open","sticky":false,"template":"","format":"standard","meta":{"footnotes":""},"categories":[42],"tags":[],"class_list":["post-47323","post","type-post","status-publish","format-standard","hentry","category-nuestrapalabra"],"_links":{"self":[{"href":"https:\/\/plazajuarez.mx\/historico\/wp-json\/wp\/v2\/posts\/47323","targetHints":{"allow":["GET"]}}],"collection":[{"href":"https:\/\/plazajuarez.mx\/historico\/wp-json\/wp\/v2\/posts"}],"about":[{"href":"https:\/\/plazajuarez.mx\/historico\/wp-json\/wp\/v2\/types\/post"}],"author":[{"embeddable":true,"href":"https:\/\/plazajuarez.mx\/historico\/wp-json\/wp\/v2\/users\/93"}],"replies":[{"embeddable":true,"href":"https:\/\/plazajuarez.mx\/historico\/wp-json\/wp\/v2\/comments?post=47323"}],"version-history":[{"count":0,"href":"https:\/\/plazajuarez.mx\/historico\/wp-json\/wp\/v2\/posts\/47323\/revisions"}],"wp:attachment":[{"href":"https:\/\/plazajuarez.mx\/historico\/wp-json\/wp\/v2\/media?parent=47323"}],"wp:term":[{"taxonomy":"category","embeddable":true,"href":"https:\/\/plazajuarez.mx\/historico\/wp-json\/wp\/v2\/categories?post=47323"},{"taxonomy":"post_tag","embeddable":true,"href":"https:\/\/plazajuarez.mx\/historico\/wp-json\/wp\/v2\/tags?post=47323"}],"curies":[{"name":"wp","href":"https:\/\/api.w.org\/{rel}","templated":true}]}}