{"id":47322,"date":"2017-09-05T14:40:14","date_gmt":"2017-09-05T14:40:14","guid":{"rendered":"http:\/\/plazajuarez.mx\/index\/index.php\/2017\/09\/05\/turismo-y-reduccion-de-la-pobreza\/"},"modified":"2017-09-05T14:40:14","modified_gmt":"2017-09-05T14:40:14","slug":"turismo-y-reduccion-de-la-pobreza","status":"publish","type":"post","link":"https:\/\/plazajuarez.mx\/historico\/turismo-y-reduccion-de-la-pobreza\/","title":{"rendered":"Turismo y reducci\u00f3n de la pobreza"},"content":{"rendered":"<p>En Clave Tur\u00edstica<br \/>\u00a0\u00a0 \u00a0\u2022\u00a0\u00a0 \u00a0El turismo es un poderoso instrumento con capacidades generar mejores condiciones de vida\u2028<\/p>\n<p>  <!--more-->  <\/p>\n<p>En d\u00edas pasados el Consejos Nacional de Evaluaci\u00f3n de la Pol\u00edtica Social (Coneval) present\u00f3 su reporte sobre la evoluci\u00f3n de La pobreza en el periodo 2010-2016. Sin duda, los hallazgos m\u00e1s relevantes contenidos en el paquete informativo est\u00e1n relacionados con la reducci\u00f3n de las personas en situaci\u00f3n de pobreza entre 2014 y 2016, tanto en t\u00e9rminos relativos (pasando de 46.2% a 43.6%), como en valores absolutos con una disminuci\u00f3n de cerca de 2 millones de personas, movi\u00e9ndose de 55.3 a 53.4 millones de personas. Lo anterior sin olvidar que si se compara con 2012, en valores absolutos se registr\u00f3 un aumento de alrededor de 100 mil personas en dicha condici\u00f3n de pobreza.<br \/>En todo caso y reconociendo el haber sacado de la pobreza a cerca de 2 millones de mexicanos, los avances m\u00e1s significativos se presentan en la reducci\u00f3n de las personas en condici\u00f3n de pobreza extrema que han pasado de significar 11.3% de la poblaci\u00f3n total en 2010, a representar 9.8% (2012), 9.5% (2014) y un 7.6% (2016); en valores absolutos la evoluci\u00f3n va de 13 millones de personas en 2010, a 11.5 (2012), 11.4 (2014) y 9.4 (2016). <br \/>Tambi\u00e9n es relevante observar que entre 2010 y 2016, 27 entidades federativas redujeron la poblaci\u00f3n en situaci\u00f3n de pobreza y 31 lo hicieron en lo que tiene que ver con las personas en pobreza extrema.<br \/>En este orden de ideas, parece por dem\u00e1s relevante el papel coadyuvante de la actividad tur\u00edstica en la reducci\u00f3n de la pobreza. Para ilustrar esta aseveraci\u00f3n, conviene tener en cuenta la evoluci\u00f3n de la pobreza en el periodo se\u00f1alado en dos entidades del pa\u00eds en donde existe una vocaci\u00f3n tur\u00edstica consolidada, producto de sus ventajas comparativas y en la que las intervenciones p\u00fablicas y privadas han permitido la construcci\u00f3n de \u2018clusters\u2019 tur\u00edsticos que compiten a escala mundial; nos referimos, por supuesto, a Baja California Sur y a Quintana Roo.<br \/>En la primera de estas entidades federativas en la que Los Cabos se ubica como el destino protag\u00f3nico, 31% de la poblaci\u00f3n en 2010 se encontraba en situaci\u00f3n de pobreza y 4.6% en pobreza extrema; para 2016 estas proporciones se redujeron a 22% y a 1.6% (este valor es el tercero m\u00e1s bajo del pa\u00eds.<br \/>Por lo que se refiere a Quintana Roo cuyos principales destinos tur\u00edsticos (Canc\u00fan y Riviera Maya) hacen las veces de buque insignia del turismo mexicano, la situaci\u00f3n en 2010 mostraba que 34.6% de la poblaci\u00f3n estaba en condici\u00f3n de pobreza y e6.4% en pobreza extrema, y para 2016 los valores alcanzados fueron 28.8% (uno de los 10 m\u00e1s bajos del pa\u00eds) y 4.2%, respectivamente.<br \/>Estos resultados que contrastan notablemente con las condiciones del conjunto del pa\u00eds, confirman, una vez m\u00e1s, que el turismo es un poderoso instrumento con capacidades para incidir favorablemente en la generaci\u00f3n de mejores condiciones de vida, a trav\u00e9s del uso sostenible del patrimonio natural y cultural. <br \/>En particular se debe subrayar el caso de Quintana Roo, destacada excepci\u00f3n en el sur-sureste, caracterizado por la prevalencia de graves rezagos e inequidades sociales.<br \/>De la mano de lo anterior habr\u00eda que se\u00f1alar, finalmente, dos aspectos: por un lado se debe insistir de cara a estos y otros positivos resultados alcanzados como resultado de una apuesta por la actividad tur\u00edstica con instrumentos y liderazgo p\u00fablico, que el turismo se deber\u00eda poner en el centro de una agenda por impulsar el desarrollo en el sur-sureste. <br \/>Si en el pasado la raz\u00f3n de Estado para apoyar m\u00e1s que proporcionalmente al turismo fue la necesidad de contar con divisas para afrontar la debilidad de la Balanza de Pagos, hoy la raz\u00f3n de Estado son los m\u00e1s de 53 millones de mexicanos viviendo en condiciones de pobreza.<br \/>Del otro lado, no se puede omitir que algunas entidades con cierto grado de desarrollo tur\u00edstico tienen importantes retos en materia de pobreza, como es evidente en Guerrero y Oaxaca; en consecuencia se debe revisar concienzudamente c\u00f3mo reinventar la pol\u00edtica tur\u00edstica mexicana, que en los 70 supo innovar con el concepto de los Centros Integralmente Planeados, y que hoy necesita articularse no como una pol\u00edtica tur\u00edstica de un gobierno, sino como una verdadera pol\u00edtica del Estado mexicano.<br \/>Director de La Facultad de Turismo y Gastronom\u00eda, Universidad An\u00e1huac M\u00e9xico. Twitter: @fcomadrid<\/p>\n","protected":false},"excerpt":{"rendered":"<p>En Clave Tur\u00edstica\u00a0\u00a0 \u00a0\u2022\u00a0\u00a0 \u00a0El turismo es un poderoso instrumento con capacidades generar mejores condiciones de vida\u2028<\/p>\n","protected":false},"author":93,"featured_media":0,"comment_status":"open","ping_status":"open","sticky":false,"template":"","format":"standard","meta":{"footnotes":""},"categories":[42],"tags":[],"class_list":["post-47322","post","type-post","status-publish","format-standard","hentry","category-nuestrapalabra"],"_links":{"self":[{"href":"https:\/\/plazajuarez.mx\/historico\/wp-json\/wp\/v2\/posts\/47322","targetHints":{"allow":["GET"]}}],"collection":[{"href":"https:\/\/plazajuarez.mx\/historico\/wp-json\/wp\/v2\/posts"}],"about":[{"href":"https:\/\/plazajuarez.mx\/historico\/wp-json\/wp\/v2\/types\/post"}],"author":[{"embeddable":true,"href":"https:\/\/plazajuarez.mx\/historico\/wp-json\/wp\/v2\/users\/93"}],"replies":[{"embeddable":true,"href":"https:\/\/plazajuarez.mx\/historico\/wp-json\/wp\/v2\/comments?post=47322"}],"version-history":[{"count":0,"href":"https:\/\/plazajuarez.mx\/historico\/wp-json\/wp\/v2\/posts\/47322\/revisions"}],"wp:attachment":[{"href":"https:\/\/plazajuarez.mx\/historico\/wp-json\/wp\/v2\/media?parent=47322"}],"wp:term":[{"taxonomy":"category","embeddable":true,"href":"https:\/\/plazajuarez.mx\/historico\/wp-json\/wp\/v2\/categories?post=47322"},{"taxonomy":"post_tag","embeddable":true,"href":"https:\/\/plazajuarez.mx\/historico\/wp-json\/wp\/v2\/tags?post=47322"}],"curies":[{"name":"wp","href":"https:\/\/api.w.org\/{rel}","templated":true}]}}