{"id":47270,"date":"2017-09-04T14:20:19","date_gmt":"2017-09-04T14:20:19","guid":{"rendered":"http:\/\/plazajuarez.mx\/index\/index.php\/2017\/09\/04\/la-sangre-en-las-letras\/"},"modified":"2017-09-04T14:20:19","modified_gmt":"2017-09-04T14:20:19","slug":"la-sangre-en-las-letras","status":"publish","type":"post","link":"https:\/\/plazajuarez.mx\/historico\/la-sangre-en-las-letras\/","title":{"rendered":"LA SANGRE EN LAS LETRAS."},"content":{"rendered":"<p>\u201c\u00bfQu\u00e9 es un poeta normal?<br \/>La respuesta es sencilla:<br \/>Un poeta normal no tiene sentido.<br \/>El mismo hecho de ser poeta excluye la normalidad.<br \/>Ning\u00fan hombre normal, ning\u00fan hombre ordinario es un poeta\u201d.<\/p>\n<p>Shakespeare reencarnado.<\/p>\n<p>  <!--more-->  <\/p>\n<p>Dicen que un escritor creativo debe ser infeliz; arrastrar cadenas de melancol\u00eda, vivir un presente hostil y prever un negro futuro; ser mis\u00e1ntropo o mis\u00f3gino recalcitrante, alcoh\u00f3lico, adicto, o bipolar, para subir o bajar en su percepci\u00f3n de la realidad, como si fuera una luz multicolor en un sal\u00f3n oscuro.<\/p>\n<p>Sin duda, bajo la influencia de Posteguillo, me puse a meditar acerca de la relaci\u00f3n que la sangre y\/o la muerte tienen en la historia de la literatura.\u00a0 Grandes y peque\u00f1os personajes: poetas, novelistas cineastas\u2026\u00a0 viven en medio de tormentosas circunstancias que, en m\u00faltiples casos los conducen a propiciar su asesinato o a abrir la puerta (no s\u00e9 si falsa o verdadera) del suicidio.<\/p>\n<p>Algunas obras trascienden por la forma en que murieron sus autores, tanto o m\u00e1s relevante que sus propias vidas o sus valores est\u00e9ticos.<\/p>\n<p>A\u00fan recuerdo la voz de mi querido maestro, Don Jes\u00fas \u00c1ngeles Contreras, cuando relataba en su clase de Literatura Hispanoamericana, c\u00f3mo un soldado de origen italiano, en la ciudad de Puebla (Nueva Espa\u00f1a), se enamor\u00f3 de una bell\u00edsima mujer de verdes ojos, a quien dedic\u00f3 su inmortal madrigal: \u201cOjos claros, serenos, \/ si de dulce mirar sois alabados \/ \u00bfPor qu\u00e9 si me mir\u00e1is, mir\u00e1is airados? \/ si cuanto m\u00e1s piadosos, \/ m\u00e1s bellos parec\u00e9is a aqu\u00e9l que os mira. \/ No me mir\u00e9is con ira \/ porque no parezc\u00e1is menos hermosos \/ \u00a1Ay tormentos rabiosos! \/ Ojos claros, serenos \/ ya que as\u00ed me mir\u00e1is \/ miradme al menos.\u201d\u00a0 A\u00fan quedaba el eco de estos tiernos versos al t\u00e9rmino de una serenata, cuando sali\u00f3 el marido y a pu\u00f1aladas termin\u00f3 con la vida del osado vate.<\/p>\n<p>Claro, cuando la realidad se hace leyenda, cada cuenta cuentos tiene su versi\u00f3n.\u00a0 Lo importante no es la verdad, sino la magia.<\/p>\n<p>El mismo \u00c1ngeles describ\u00eda los arrebatos del veracruzano Salvador D\u00edaz Mir\u00f3n, quien priv\u00f3 de la vida a un paisano, por el horrendo crimen de pegarle a un burro.\u00a0 S\u00ed, el mismo poeta que escribi\u00f3: \u201cLos claros timbres de que estoy ufano \/ Han de salir de la calumnia, ilesos. \/ Hay plumajes que cruzan el pantano \/ Y no se manchan, mi plumaje es de \u00e9sos \/ Tambi\u00e9n en un exceso de po\u00e9tica lambisconer\u00eda escrib\u00eda en su peri\u00f3dico El Imparcial: \u201cHoy tuvimos la visita del magn\u00e1nimo Presidente, Victoriano Huerta y a su paso dej\u00f3 un perfume de gloria\u201d.<\/p>\n<p>El coahuilense, Manuel Acu\u00f1a, entonces estudiante de medicina, conquist\u00f3 un lugar en las letras nacionales por su poema Nocturno, que dedic\u00f3 a su rom\u00e1ntico y desde\u00f1oso amor, Rosario de la Pe\u00f1a; musa y protectora de los mejores poetas y escritores de su tiempo.\u00a0 Despu\u00e9s de versificar: \u201cPues bien, yo necesito \/ decirte que adoro \/ decirte que te quiero \/ con todo el coraz\u00f3n\u2026\u201d\u00a0 Se suicid\u00f3.<\/p>\n<p>En el \u00e1mbito universal: Ernest Hemingway, reconocido taur\u00f3filo, borracho, mujeriego y due\u00f1o de otras cualidades similares (jam\u00e1s se le conoci\u00f3 alguna mala), gan\u00f3 el Premio Nobel de Literatura por novelas como El viejo y el mar, Por qui\u00e9n doblan las campanas y otras.\u00a0 Se cans\u00f3 de la vida y un d\u00eda antes de cumplir sesenta y dos a\u00f1os, se vol\u00f3 la cabeza con una escopeta de doble ca\u00f1\u00f3n.<\/p>\n<p>Virginia Woolf, c\u00e9lebre novelista inglesa, llen\u00f3 sus bolsillos de piedras y se sumergi\u00f3 en el r\u00edo Ouse, cerca de su casa.\u00a0 Ten\u00eda cincuenta y nueve a\u00f1os.<\/p>\n<p>Alfonsina Storni, poeta argentina (suiza de nacimiento).\u00a0 Su suicidio dio origen a una bell\u00edsima canci\u00f3n: \u201cAlfonsina y el mar\u201d, su letra refrenda el mito de que voluntariamente camin\u00f3 entre las olas hasta hacer con espumas marinas su mortaja.<\/p>\n<p>Alexander Pushkin a quien algunos consideran el escritor ruso m\u00e1s grande de todos los tiempos, muri\u00f3 en duelo contra un oficial franc\u00e9s de nombre D\u2019anth\u00e9s.\u00a0 El zar Nicol\u00e1s I, lo consider\u00f3 \u201cEl hombre m\u00e1s inteligente de Rusia\u201d.\u00a0 El genio agonizante sonre\u00eda, como si se burlara del dolor y de la paradoja de su tonta muerte.<\/p>\n<p>Emilio Salgari, dice Posteguillo: \u201cautor de las novelas de piratas m\u00e1s vibrantes jam\u00e1s escritas, se quit\u00f3 la vida con un cuchillo malayo abri\u00e9ndose el vientre y cort\u00e1ndose el cuello seg\u00fan el rito japon\u00e9s del Seppuku o Hara-kiri.\u00a0 Su cuerpo fue descubierto por una gran mancha roja que emerg\u00eda de la nieve blanca que cubr\u00eda el bosque de los alrededores de Tur\u00edn.\u00a0 Sus novelas alcanzaban en su tiempo hasta cien mil ejemplares; sin embargo sus editores siempre le pagaron muy mal; muchos de mi generaci\u00f3n y anteriores, hemos surcado los mares con Sandok\u00e1n, con todos sus grandes piratas y lobos de mar; hemos disfrutado de incre\u00edbles aventuras gracias a su ingenio.\u00a0 Autores de la talla de Jorge Luis Borges, Carlos Fuentes, Isabel Allende o Umberto Eco, lo disfrutaron de ni\u00f1os, y lo recuerdan siempre con enorme afecto\u201d.<\/p>\n<p>Edgar Allan Poe escribi\u00f3 con su propia muerte su \u00faltimo relato de misterio.\u00a0 Siete hip\u00f3tesis (todas relacionadas con el alcohol) circulan en torno a su causa, sin que ninguna sea contundente.\u00a0 S\u00f3lo se sabe que muri\u00f3 el siete de octubre de mil ochocientos cuarenta y nueve.<\/p>\n<p>Tambi\u00e9n aportaron su sangre a las letras, \u00c1gatha Cristie, Federico Garc\u00eda Lorca y muchos m\u00e1s, pero\u2026 \u00e9sas son otras historias.<\/p>\n<p>Septiembre, 2017.<\/p>\n","protected":false},"excerpt":{"rendered":"<p>\u201c\u00bfQu\u00e9 es un poeta normal?La respuesta es sencilla:Un poeta normal no tiene sentido.El mismo hecho de ser poeta excluye la normalidad.Ning\u00fan hombre normal, ning\u00fan hombre ordinario es un poeta\u201d. Shakespeare reencarnado.<\/p>\n","protected":false},"author":93,"featured_media":0,"comment_status":"open","ping_status":"open","sticky":false,"template":"","format":"standard","meta":{"footnotes":""},"categories":[42],"tags":[],"class_list":["post-47270","post","type-post","status-publish","format-standard","hentry","category-nuestrapalabra"],"_links":{"self":[{"href":"https:\/\/plazajuarez.mx\/historico\/wp-json\/wp\/v2\/posts\/47270","targetHints":{"allow":["GET"]}}],"collection":[{"href":"https:\/\/plazajuarez.mx\/historico\/wp-json\/wp\/v2\/posts"}],"about":[{"href":"https:\/\/plazajuarez.mx\/historico\/wp-json\/wp\/v2\/types\/post"}],"author":[{"embeddable":true,"href":"https:\/\/plazajuarez.mx\/historico\/wp-json\/wp\/v2\/users\/93"}],"replies":[{"embeddable":true,"href":"https:\/\/plazajuarez.mx\/historico\/wp-json\/wp\/v2\/comments?post=47270"}],"version-history":[{"count":0,"href":"https:\/\/plazajuarez.mx\/historico\/wp-json\/wp\/v2\/posts\/47270\/revisions"}],"wp:attachment":[{"href":"https:\/\/plazajuarez.mx\/historico\/wp-json\/wp\/v2\/media?parent=47270"}],"wp:term":[{"taxonomy":"category","embeddable":true,"href":"https:\/\/plazajuarez.mx\/historico\/wp-json\/wp\/v2\/categories?post=47270"},{"taxonomy":"post_tag","embeddable":true,"href":"https:\/\/plazajuarez.mx\/historico\/wp-json\/wp\/v2\/tags?post=47270"}],"curies":[{"name":"wp","href":"https:\/\/api.w.org\/{rel}","templated":true}]}}