{"id":47269,"date":"2017-09-04T14:19:34","date_gmt":"2017-09-04T14:19:34","guid":{"rendered":"http:\/\/plazajuarez.mx\/index\/index.php\/2017\/09\/04\/de-lengua-me-como-un-taco-2\/"},"modified":"2020-04-14T22:33:44","modified_gmt":"2020-04-14T22:33:44","slug":"de-lengua-me-como-un-taco-2","status":"publish","type":"post","link":"https:\/\/plazajuarez.mx\/historico\/de-lengua-me-como-un-taco-2\/","title":{"rendered":"\u00a1De lengua me como un taco!"},"content":{"rendered":"<p>PULSO DEL MEZQUITAL<\/p>\n<p>  <!--more-->  <\/p>\n<p>Si usted no tiene un Lamborghini, un Mercedes o un BMW, es porque de plano es muy austero o un despilfarrador que no le invierte recursos a su imagen, pues no existe otra explicaci\u00f3n del porqu\u00e9 sigue siendo humilde. Despu\u00e9s de escuchar el discurso del Presidente Pe\u00f1a con motivo de su quinto informe de gobierno, uno pensar\u00eda que estar\u00eda refiri\u00e9ndose a Dinamarca o Suiza, pero no, hablaba de M\u00e9xico. <br \/>Entonces, seguramente usted es de esos que tiene mal humor social o de plano un resentidazo social, de aquellos que se niegan a ver lo bueno, como la reducci\u00f3n de la pobreza, empleos bien pagados, mejores oportunidades para emprender aunque sea un changarro, o menos inseguridad. Seg\u00fan el preciso, tan bien est\u00e1n las cosas, que en 20 a\u00f1os estaremos al nivel de esos pa\u00edses popis que se dicen del primer mundo, incluso estaremos dominando el ingl\u00e9s y en unos cuantos a\u00f1os se acabar\u00e1n los pobres, \u00a1aplausos! <br \/>Otro que tambi\u00e9n padece el l\u00e1tigo del desprecio de unos cuantos que no quieren ver la realidad, es el presidente de Ixmiquilpan, Pascual Charrez Pedraza, quien ya\u00a0 no siente lo duro sino lo tupido, de los insultos que le echan en las redes sociales en su contra, que nom\u00e1s se la pasan critic\u00e1ndolo porque no ha hecho obra p\u00fablica suficiente, cuando en este a\u00f1o va hacer 333 obritas y obrotas, desde carreteritas hasta carreterotas, \u00e1ndele pues, nom\u00e1s para taparle la boca a esos lenguas larga que se desatan como hilos de media a la hora de vociferar sus reclamos. <br \/>Lo bueno es que sabe reconocer, bueno eso seg\u00fan \u00e9l, que son poquitos los resentidos sociales y por supuesto que est\u00e1n equivocados, pues cada comunidad estar\u00e1 recibiendo recursos por lo menos para dos obras en este a\u00f1o, ya solo falta que salga alguien a decir que no le ha tocado nada, ya solo falta eso. <br \/>Pero conociendo a esa minor\u00eda inconforme, esos que no toleran el \u00e9xito ajeno, que no soportan la superaci\u00f3n personal aunque sea a costa del pueblo, ya nom\u00e1s faltar\u00eda que alguien salieran a reclamar que es el presidente municipal que m\u00e1s gana en Hidalgo, que su salario mensual casi se asemeja al del Gobernador del estado.\u00a0 Pero d\u00edgame, cu\u00e1ntas mam\u00e1s no se sentir\u00edan orgullosas de tener a un hijazo de su vidaza como \u00e9l, con un sueldazo como el que recibe, no me diga que usted no se pasear\u00eda orgullosa u orgulloso de que su reto\u00f1o se la pasara contando, centavo m\u00e1s centavos menos, 75 mil chuchulucos al mes, aunque sea a costa del erario p\u00fablico. <br \/>Quien tambi\u00e9n anda padeciendo del mal humor, es el municipio de Santiago de Anaya, bueno en realidad el rostro mal encachado, ceja fruncida y rugido permanente, es del presidente municipal, Jorge Aldana, a quien delegados, comit\u00e9s de obra y ciudadanos de a pie, ya le pidieron no sea tan grosero, no les eche palabrotas, que les trate con respeto, pero sobretodo que no se haga el simp\u00e1tico, aparte de que no le queda, nom\u00e1s no le agarran el modo, pues no saben si est\u00e1 bromenando o les est\u00e1 hablando en serio, pues es un poco llevadito.<\/p>\n<p>En corto: <br \/>\u00a0\u00a0 \u00a0<br \/>* El presidente de Ixmiquilpan, Pascual Charrez Pedraza, estar\u00eda preparando su salida del gobierno municipal en enero del siguiente a\u00f1o, seg\u00fan fuentes de su equipo, estar\u00eda buscando la candidatura a diputado federal. De no encontrar partido pol\u00edtico, estar\u00eda analizando por la v\u00eda independiente.<\/p>\n<p>S\u00edgame en twitter<br \/>@MarkoCabanas<\/p>\n<p>Mi correo<br \/>markorey2013@gmail.com<\/p>\n<p><\/p>\n","protected":false},"excerpt":{"rendered":"<p>PULSO DEL MEZQUITAL<\/p>\n","protected":false},"author":75,"featured_media":0,"comment_status":"open","ping_status":"open","sticky":false,"template":"","format":"standard","meta":{"footnotes":""},"categories":[87,42],"tags":[],"class_list":["post-47269","post","type-post","status-publish","format-standard","hentry","category-marco-cabanas","category-nuestrapalabra"],"_links":{"self":[{"href":"https:\/\/plazajuarez.mx\/historico\/wp-json\/wp\/v2\/posts\/47269","targetHints":{"allow":["GET"]}}],"collection":[{"href":"https:\/\/plazajuarez.mx\/historico\/wp-json\/wp\/v2\/posts"}],"about":[{"href":"https:\/\/plazajuarez.mx\/historico\/wp-json\/wp\/v2\/types\/post"}],"author":[{"embeddable":true,"href":"https:\/\/plazajuarez.mx\/historico\/wp-json\/wp\/v2\/users\/75"}],"replies":[{"embeddable":true,"href":"https:\/\/plazajuarez.mx\/historico\/wp-json\/wp\/v2\/comments?post=47269"}],"version-history":[{"count":0,"href":"https:\/\/plazajuarez.mx\/historico\/wp-json\/wp\/v2\/posts\/47269\/revisions"}],"wp:attachment":[{"href":"https:\/\/plazajuarez.mx\/historico\/wp-json\/wp\/v2\/media?parent=47269"}],"wp:term":[{"taxonomy":"category","embeddable":true,"href":"https:\/\/plazajuarez.mx\/historico\/wp-json\/wp\/v2\/categories?post=47269"},{"taxonomy":"post_tag","embeddable":true,"href":"https:\/\/plazajuarez.mx\/historico\/wp-json\/wp\/v2\/tags?post=47269"}],"curies":[{"name":"wp","href":"https:\/\/api.w.org\/{rel}","templated":true}]}}