{"id":47268,"date":"2017-09-04T14:19:04","date_gmt":"2017-09-04T14:19:04","guid":{"rendered":"http:\/\/plazajuarez.mx\/index\/index.php\/2017\/09\/04\/dese-por-enterado-264\/"},"modified":"2020-04-14T19:07:54","modified_gmt":"2020-04-14T19:07:54","slug":"dese-por-enterado-264","status":"publish","type":"post","link":"https:\/\/plazajuarez.mx\/historico\/dese-por-enterado-264\/","title":{"rendered":"DESE POR ENTERADO"},"content":{"rendered":"<p>FERIA SAN FRANCISCO PACHUCA 2017.- El Teatro del Pueblo tendr\u00e1 una atenci\u00f3n fundamental en la edici\u00f3n de este a\u00f1o, de la Feria de Pachuca. La raz\u00f3n es una y simple: quienes asisten a ese lugar son la mayor\u00eda, contra una minor\u00eda que se da cita en el palenque. Ra\u00fal Hern\u00e1ndez Ol\u00edn, Director General de la Operadora de Eventos del estado de Hidalgo, entendi\u00f3 a la perfecci\u00f3n la orden del gobernador, Omar Fayad Meneses, que busca hacer de este evento anual uno que vaya dirigido fundamentalmente a las familias que hacen un gran esfuerzo para pagar su boleto, pero a cambio del cual tengan acceso a espect\u00e1culos de primera. El nivel de los artistas que se presentar\u00e1n en el Teatro del Pueblo, lo avala. Bien por esta medida que se ha tomado.<\/p>\n<p>  <!--more-->  <\/p>\n<p>\u00a0\u00a0 \u00a0\u00a0\u00a0 \u00a0\u00a0\u00a0 \u00a0\u00a0\u00a0 \u00a0\u00a0\u00a0 \u00a0***<\/p>\n<p>UN CASO PARA PERCY.- Anunci\u00f3 la presidenta municipal de Pachuca, Yolanda Teller\u00eda, que se ver\u00e1 en la necesidad de despedir a 120 trabajadores del \u00e1rea de limpias, pero que ser\u00e1n recontratados por la empresa seleccionada para hacer esos trabajos, y que se llama Tecmed. Por supuesto que Percy Espinosa, eterno l\u00edder de los trabajadores al servicio del municipio, ya prepara nueva puesta en escena para el caso. Se trata de una historia ya conocida, antes con Cambio Verde, ahora con Tecmed. Total que el \u00fanico gan\u00f3n es Percy y sus amigos, que no los trabajadores. Y por supuesto se comprueba, una vez m\u00e1s, que el ex alcalde, Eleazar Garc\u00eda procedi\u00f3 con tino, porque todo lo que hizo lo repiten.<\/p>\n<p>\u00a0\u00a0 \u00a0\u00a0\u00a0 \u00a0\u00a0\u00a0 \u00a0\u00a0\u00a0 \u00a0\u00a0\u00a0 \u00a0***<\/p>\n<p>BIEN POR LA FERIA DEL LIBRO.- Ni hablar, al pan pan, y al vino vino. Y la edici\u00f3n de este a\u00f1o de la Feria Universitaria del Libro fue excelente en todos sentidos. La calidad de los eventos, con conferencistas de alto nivel, merece un reconocimiento a sus organizadores. Se comprueba que con todo y a la dictadura pol\u00edtica que padecen por parte del Grupo Universidad, saben hacer bien las cosas. Cada d\u00eda la ciudadan\u00eda se interesa m\u00e1s por una Feria del Libro que ya cobra renombre a nivel nacional, e incluso internacional. As\u00ed, ni qui\u00e9n diga nada.<\/p>\n<p>\u00a0\u00a0 \u00a0\u00a0\u00a0 \u00a0\u00a0\u00a0 \u00a0\u00a0\u00a0 \u00a0\u00a0\u00a0 \u00a0***<\/p>\n<p>HIDALGO M\u00c1GICO.- El secretario de Turismo del estado, Eduardo Javier Ba\u00f1os G\u00f3mez, podr\u00eda haber salvado la cabeza luego de la presentaci\u00f3n de la nueva marca tur\u00edstica \u201cHidalgo M\u00e1gico\u201d, que se hizo en la ciudad de M\u00e9xico. Con todo y los tropezones de los conductores del evento, sin duda dirigirse a los j\u00f3venes que gustan del turismo de aventura, generar\u00e1 una afluencia importante de este grupo de edad a la entidad. Se le vio un trabajo intenso, profesional y serio, con todo y que algunos insisten en querer tumbarlo del cargo por razones inconfesables. Creemos que Ba\u00f1os G\u00f3mez seguir\u00e1 en el equipo del gobernador Fayad.<\/p>\n<p>\u00a0\u00a0 \u00a0\u00a0\u00a0 \u00a0\u00a0\u00a0 \u00a0\u00a0\u00a0 \u00a0\u00a0\u00a0 \u00a0***<\/p>\n<p>Por hoy, usted puede DARSE POR ENTERADO<\/p>\n<p>desexenterado@gmail.com<br \/>@desexenterado<\/p>\n","protected":false},"excerpt":{"rendered":"<p>FERIA SAN FRANCISCO PACHUCA 2017.- El Teatro del Pueblo tendr\u00e1 una atenci\u00f3n fundamental en la edici\u00f3n de este a\u00f1o, de la Feria de Pachuca. La raz\u00f3n es una y simple: quienes asisten a ese lugar son la mayor\u00eda, contra una minor\u00eda que se da cita en el palenque. Ra\u00fal Hern\u00e1ndez Ol\u00edn, Director General de la [&hellip;]<\/p>\n","protected":false},"author":93,"featured_media":0,"comment_status":"open","ping_status":"open","sticky":false,"template":"","format":"standard","meta":{"footnotes":""},"categories":[83,42],"tags":[66],"class_list":["post-47268","post","type-post","status-publish","format-standard","hentry","category-dese-por-enterado","category-nuestrapalabra","tag-dese"],"_links":{"self":[{"href":"https:\/\/plazajuarez.mx\/historico\/wp-json\/wp\/v2\/posts\/47268","targetHints":{"allow":["GET"]}}],"collection":[{"href":"https:\/\/plazajuarez.mx\/historico\/wp-json\/wp\/v2\/posts"}],"about":[{"href":"https:\/\/plazajuarez.mx\/historico\/wp-json\/wp\/v2\/types\/post"}],"author":[{"embeddable":true,"href":"https:\/\/plazajuarez.mx\/historico\/wp-json\/wp\/v2\/users\/93"}],"replies":[{"embeddable":true,"href":"https:\/\/plazajuarez.mx\/historico\/wp-json\/wp\/v2\/comments?post=47268"}],"version-history":[{"count":0,"href":"https:\/\/plazajuarez.mx\/historico\/wp-json\/wp\/v2\/posts\/47268\/revisions"}],"wp:attachment":[{"href":"https:\/\/plazajuarez.mx\/historico\/wp-json\/wp\/v2\/media?parent=47268"}],"wp:term":[{"taxonomy":"category","embeddable":true,"href":"https:\/\/plazajuarez.mx\/historico\/wp-json\/wp\/v2\/categories?post=47268"},{"taxonomy":"post_tag","embeddable":true,"href":"https:\/\/plazajuarez.mx\/historico\/wp-json\/wp\/v2\/tags?post=47268"}],"curies":[{"name":"wp","href":"https:\/\/api.w.org\/{rel}","templated":true}]}}