{"id":47136,"date":"2017-09-01T14:37:27","date_gmt":"2017-09-01T14:37:27","guid":{"rendered":"http:\/\/plazajuarez.mx\/index\/index.php\/2017\/09\/01\/alfil-negro-913\/"},"modified":"2017-09-01T14:37:27","modified_gmt":"2017-09-01T14:37:27","slug":"alfil-negro-913","status":"publish","type":"post","link":"https:\/\/plazajuarez.mx\/historico\/alfil-negro-913\/","title":{"rendered":"ALFIL NEGRO"},"content":{"rendered":"<p>EL TRAJE LE QUEDA JUSTO A LA MEDIDA<br \/>A MIGUEL \u00c1NGEL OSORIO<\/p>\n<p>  <!--more-->  <\/p>\n<p>El d\u00eda de ayer el Presidente de la Rep\u00fablica, Enrique Pe\u00f1a Nieto describi\u00f3 el traje que debe llevar el candidato del PRI para buscar ser su sucesor en Los Pinos, y parece que ni mandado hacer para el paisano y ex gobernador del estado MIGUEL \u00c1NGEL OSORIO, \u00a0de acuerdo a las encuestas, el m\u00e1s serio aspirante del partido tricolor a la candidatura \u00a0para la gran elecci\u00f3n del primero de julio del 2018.<br \/>El Presidente Pe\u00f1a Nieto dijo que para ser candidato del PRI, el \u00a0perfil que debe tener el que aspire a ser candidato debe tener : \u201cPOR LO MENOS DOS ATRIBUTOS IMPORTANTES, DE QUIEN RESULTE ABANDERADO DEL PARTIDO, UNO, QUE SEA ALGUIEN QUE TENGA UNA VISI\u00d3N CLARA DEL M\u00c9XICO QUE QUIERE CONSTRUIR Y AL QUE QUIERA APORTAR , QUE HAYA CLARIDAD EN LA VISI\u00d3N DE HACIA D\u00d3NDE VA EL PA\u00cdS Y C\u00d3MO DEBE CAMINAR Y AVANZAR PARA LLEGAR A MEJORES CONDICIONES . Y DOS, UN PERFIL EVIDENTEMENTE DE UNA CONDUCTA Y UNA TRAYECTORIA \u00a0HONESTA, LIMPIA, DE RECONOCIMIENTO \u00a0Y DE PRESTIGIO, PORQUE CREO QUE ESO HAR\u00c1 QUE EL PRI TENGA UN CANDIDATO ALTAMENTE COMPETITIVO\u201d.<br \/>El traje est\u00e1 dictado y cortado.<br \/>Son muchos los que con toda seguridad se lo medir\u00e1n y dir\u00e1n que les queda que ni pintado, \u00a0ni mandado a hacer. <br \/>La verdad, es que cuando ya falta poco tiempo , dicen los que saben que unos tres meses o cuatro, para que el PRI tenga candidato; es uno solo al que este traje le queda de lo mejor y ese se\u00f1or es don MIGUEL \u00c1NGEL OSORIO, si es que el partido de los tres colores quiere ganar.<br \/>Veamos:<br \/>QUE SEA ALGUIEN QUE TENGA UNA VISI\u00d3N CLARA DEL M\u00c9XICO QUE QUIERE CONSTRUIR Y AL QUE QUIERE APORTAR , QUE HAYA CLARIDAD EN LA VISI\u00d3N DE HACIA D\u00d3NDE VA EL PA\u00cdS Y C\u00d3MO DEBE CAMINAR Y AVANZAR\u201d<br \/>En esta exigencia don Miguel \u00c1ngel lleva mano, porque desde su encomienda de Secretario de Gobernaci\u00f3n, a donde lleg\u00f3 aquel 30 de noviembre del 2012 ha tenido en sus manos por encomienda del Presidente la ejecuci\u00f3n de pol\u00edticas p\u00fablicas, vitales para el pa\u00eds \u00a0que le marcan con precisi\u00f3n los caminos del pa\u00eds como LA SEGURIDAD , la Cruzada Nacional contra el Hambre y las Reformas Estructurales que tiene M\u00e9xico, aparte de haber mostrado capacidad y energ\u00eda para enfrentar problemas tan serios como los esc\u00e1ndalos de la explosi\u00f3n de la Torre de PEMEX, la detenci\u00f3n de Elba Esther Gordillo, la Fuga del Chapo Guzm\u00e1n , el caso del Polit\u00e9cnico, los huachicoleros en Puebla y otros estados, logros tan espectaculares como el PACTO POR M\u00c9XICO, que \u00a0definen el tama\u00f1o de pol\u00edtico que es, \u00a0que apuesta el acuerdo en pol\u00edtica por encima de otros caminos.<br \/>Sabe y conoce el M\u00e9xico que debe y puede construir, tiene desde luego la claridad para lograrlo, de lo que ha dado muestra en su encargo en la Secretar\u00eda de mayor responsabilidad en el gobierno de la Rep\u00fablica.<br \/>PUEDE SER\u2026<br \/>Es una gran posibilidad que este hidalguense nacido el 5 de agosto de 1964, es decir de 53 a\u00f1os de edad, \u00a0que afirma \u00a0que la pol\u00edtica debe tener como centro al ciudadano \u00a0y que la seguridad \u00a0requiere de alianza corresponsable \u00a0entre ciudadanos y gobierno \u00a0con una cultura de la legalidad \u00a0cumple con creces \u00a0el segundo requisito de: \u00a0\u201cUN PERFIL DE UNA TRAYECTORIA HONESTA LIMPIA, \u00a0DE RECONOCIMIENTO Y PRESTIGIO\u201d , porque as\u00ed lo dice su carrera pol\u00edtica iniciado \u00a0en 1991 como oficial mayor en la alcald\u00eda de Pachuca \u00a0y con un conocimiento total de lo que es el PRI, donde fue desde delegado casi en todo el estado, hasta su presidente en 1993 y despu\u00e9s funcionario en el gobierno del estado, hasta llegar a ser Gobernador de HIDALGO, del primero de abril del 2005 al 30 de marzo del 2011, \u00a0con una presencia de logros que los hidalguenses recuerdan con reconocimiento.<br \/>El Presidente Pe\u00f1a, \u00a0le reconoci\u00f3 sus virtudes pol\u00edticas nombr\u00e1ndolo Coordinador de Di\u00e1logo y Acuerdo Pol\u00edtico del equipo de transici\u00f3n en el 2012, que era el paso previo a la Secretar\u00eda de Gobernaci\u00f3n donde ha hecho un papel fundamental para el actual gobierno , de donde puede salir para ser candidato a la Presidencia del pa\u00eds. <br \/>Es una gran posibilidad&#8230;<\/p>\n","protected":false},"excerpt":{"rendered":"<p>EL TRAJE LE QUEDA JUSTO A LA MEDIDAA MIGUEL \u00c1NGEL OSORIO<\/p>\n","protected":false},"author":93,"featured_media":0,"comment_status":"open","ping_status":"open","sticky":false,"template":"","format":"standard","meta":{"footnotes":""},"categories":[42],"tags":[],"class_list":["post-47136","post","type-post","status-publish","format-standard","hentry","category-nuestrapalabra"],"_links":{"self":[{"href":"https:\/\/plazajuarez.mx\/historico\/wp-json\/wp\/v2\/posts\/47136","targetHints":{"allow":["GET"]}}],"collection":[{"href":"https:\/\/plazajuarez.mx\/historico\/wp-json\/wp\/v2\/posts"}],"about":[{"href":"https:\/\/plazajuarez.mx\/historico\/wp-json\/wp\/v2\/types\/post"}],"author":[{"embeddable":true,"href":"https:\/\/plazajuarez.mx\/historico\/wp-json\/wp\/v2\/users\/93"}],"replies":[{"embeddable":true,"href":"https:\/\/plazajuarez.mx\/historico\/wp-json\/wp\/v2\/comments?post=47136"}],"version-history":[{"count":0,"href":"https:\/\/plazajuarez.mx\/historico\/wp-json\/wp\/v2\/posts\/47136\/revisions"}],"wp:attachment":[{"href":"https:\/\/plazajuarez.mx\/historico\/wp-json\/wp\/v2\/media?parent=47136"}],"wp:term":[{"taxonomy":"category","embeddable":true,"href":"https:\/\/plazajuarez.mx\/historico\/wp-json\/wp\/v2\/categories?post=47136"},{"taxonomy":"post_tag","embeddable":true,"href":"https:\/\/plazajuarez.mx\/historico\/wp-json\/wp\/v2\/tags?post=47136"}],"curies":[{"name":"wp","href":"https:\/\/api.w.org\/{rel}","templated":true}]}}