{"id":47133,"date":"2017-09-01T14:33:14","date_gmt":"2017-09-01T14:33:14","guid":{"rendered":"http:\/\/plazajuarez.mx\/index\/index.php\/2017\/09\/01\/lo-malo-cuenta-y-cuenta-mas\/"},"modified":"2017-09-01T14:33:14","modified_gmt":"2017-09-01T14:33:14","slug":"lo-malo-cuenta-y-cuenta-mas","status":"publish","type":"post","link":"https:\/\/plazajuarez.mx\/historico\/lo-malo-cuenta-y-cuenta-mas\/","title":{"rendered":"Lo malo cuenta y cuenta m\u00e1s"},"content":{"rendered":"<p>\u00a0\u00a0\u00a0 \u2022\u00a0\u00a0 \u00a0La deficiente implantaci\u00f3n de las pol\u00edticas p\u00fablicas, la corrupci\u00f3n, la irresponsabilidad y la falta de capacidad para gobernar, nos ha llevado a tener un Estado fallido.\u2028<\/p>\n<p>  <!--more-->  <\/p>\n<p>El eslogan del Ejecutivo federal, utilizado de cara a su 5to Informe de Gobierno, no le alcanz\u00f3, no le alcanza y no le alcanzar\u00e1 para cambiar la realidad del pa\u00eds, y menos la de millones de familias mexicanas.<br \/>Claro que lo bueno cuenta, aunque no necesariamente mucho. Cuenta en la medida en que beneficia, en la medida en que es m\u00e1s que lo malo. Sin embargo, la balanza se inclina por mucho hacia el lado negativo, tanto que encontrar lo bueno es como buscar una aguja en un pajar.<br \/>Lo que se anuncia como &#8220;bueno&#8221; en realidad lo es, pero no gracias al presidente ni a su gabinete, sino que es producto de la propia din\u00e1mica del pa\u00eds, es producto del esfuerzo de la mayor\u00eda de la poblaci\u00f3n que se levanta temprano y sale a trabajar, producto del esfuerzo de los comerciantes, de las amas de casa, de los obreros, de los profesionistas, y de todos aquellos que de una u otra manera con su esfuerzo cotidiano le ponen un valor agregado a los productos, a los servicios y a los bienes. M\u00e9xico se mueve a pesar del gobierno y no gracias a \u00e9l. Eso es lo que debemos tener claro.<br \/>La deficiente implantaci\u00f3n de las pol\u00edticas p\u00fablicas, la corrupci\u00f3n, la irresponsabilidad y la falta de capacidad para gobernar, nos ha llevado a tener un Estado fallido.<br \/>S\u00ed, el Estado ha fallado porque no ha sido capaz de asumir sus responsabilidades fundamentales: garantizar a toda la poblaci\u00f3n el ejercicio y goce de sus derechos sociales, no ha sido capaz de otorgarles seguridad y certeza y no ha sido capaz de cerrar la brecha de la desigualdad.<br \/>Las reformas estrat\u00e9gicas han favorecido a unos cuantos, enriquecido a la c\u00fapula y han sido caldo de cultivo para la corrupci\u00f3n.<br \/>La mayor\u00eda de la poblaci\u00f3n no tiene acceso a servicios de salud, educaci\u00f3n y transporte de calidad. La mayor\u00eda de las familias no pueden comer tres veces al d\u00eda y tienen grandes dificultades para acceder a una canasta b\u00e1sica. Los empleos se han precarizado, la mayor\u00eda de las y los mexicanos no gana un salario digno y no cuenta con seguridad social.<br \/>\u00bfDe qu\u00e9 sirve que la macroeconom\u00eda vaya bien si la econom\u00eda de cada ciudadano va mal? \u00bfSi la mesa de los hogares mexicanos est\u00e1 vac\u00eda, si en los centros de salud no hay medicamentos?<br \/>La funci\u00f3n primigenia del Estado es satisfacer las necesidades b\u00e1sicas de su poblaci\u00f3n. \u00bfDe qu\u00e9 sirven las pol\u00edticas p\u00fablicas si \u00e9stas no est\u00e1n orientadas al ciudadano?<br \/>El gasto gubernamental y el uso de recursos p\u00fablicos no corresponde a los resultados; la pobreza, el desempleo, la injusticia, la inseguridad est\u00e1n a la vista. La corrupci\u00f3n y la impunidad han sido la contante en el gobierno y el sello de la casa.<br \/>El Ejecutivo federal, en cinco a\u00f1os de gobierno, le queda mucho a deber al pueblo de M\u00e9xico. Le debe a los migrantes, a la ni\u00f1ez y a la juventud, quienes tienen un futuro incierto. Les debe tambi\u00e9n a los campesinos y a las mujeres, al igual que les debe a las v\u00edctimas de delitos y a los periodistas.<br \/>La inseguridad es alarmante. La ciudadan\u00eda est\u00e1 sola ante la creciente ola de criminalidad. El narcotr\u00e1fico, la trata de personas, los homicidios, los asaltos, los secuestros y las extorsiones est\u00e1n sin control.<br \/>M\u00e9xico atraviesa por una severa crisis social, econ\u00f3mica y pol\u00edtica. Una crisis de seguridad como nunca antes.<br \/>\u00bfD\u00f3nde est\u00e1 lo bueno?<br \/>Twitter: @LaraPaola1<\/p>\n","protected":false},"excerpt":{"rendered":"<p>\u00a0\u00a0\u00a0 \u2022\u00a0\u00a0 \u00a0La deficiente implantaci\u00f3n de las pol\u00edticas p\u00fablicas, la corrupci\u00f3n, la irresponsabilidad y la falta de capacidad para gobernar, nos ha llevado a tener un Estado fallido.\u2028<\/p>\n","protected":false},"author":93,"featured_media":0,"comment_status":"open","ping_status":"open","sticky":false,"template":"","format":"standard","meta":{"footnotes":""},"categories":[42],"tags":[],"class_list":["post-47133","post","type-post","status-publish","format-standard","hentry","category-nuestrapalabra"],"_links":{"self":[{"href":"https:\/\/plazajuarez.mx\/historico\/wp-json\/wp\/v2\/posts\/47133","targetHints":{"allow":["GET"]}}],"collection":[{"href":"https:\/\/plazajuarez.mx\/historico\/wp-json\/wp\/v2\/posts"}],"about":[{"href":"https:\/\/plazajuarez.mx\/historico\/wp-json\/wp\/v2\/types\/post"}],"author":[{"embeddable":true,"href":"https:\/\/plazajuarez.mx\/historico\/wp-json\/wp\/v2\/users\/93"}],"replies":[{"embeddable":true,"href":"https:\/\/plazajuarez.mx\/historico\/wp-json\/wp\/v2\/comments?post=47133"}],"version-history":[{"count":0,"href":"https:\/\/plazajuarez.mx\/historico\/wp-json\/wp\/v2\/posts\/47133\/revisions"}],"wp:attachment":[{"href":"https:\/\/plazajuarez.mx\/historico\/wp-json\/wp\/v2\/media?parent=47133"}],"wp:term":[{"taxonomy":"category","embeddable":true,"href":"https:\/\/plazajuarez.mx\/historico\/wp-json\/wp\/v2\/categories?post=47133"},{"taxonomy":"post_tag","embeddable":true,"href":"https:\/\/plazajuarez.mx\/historico\/wp-json\/wp\/v2\/tags?post=47133"}],"curies":[{"name":"wp","href":"https:\/\/api.w.org\/{rel}","templated":true}]}}