{"id":47132,"date":"2017-09-01T14:32:37","date_gmt":"2017-09-01T14:32:37","guid":{"rendered":"http:\/\/plazajuarez.mx\/index\/index.php\/2017\/09\/01\/monstruos-en-red-aliados-para-la-proteccion-de-datos\/"},"modified":"2017-09-01T14:32:37","modified_gmt":"2017-09-01T14:32:37","slug":"monstruos-en-red-aliados-para-la-proteccion-de-datos","status":"publish","type":"post","link":"https:\/\/plazajuarez.mx\/historico\/monstruos-en-red-aliados-para-la-proteccion-de-datos\/","title":{"rendered":"&#8220;Monstruos en Red&#8221;, aliados para la protecci\u00f3n de datos"},"content":{"rendered":"<p>\u00a0\u00a0\u00a0 \u2022\u00a0\u00a0 \u00a0Una pol\u00edtica p\u00fablica reconocida por organismos internacionales como la Unesco es la educaci\u00f3n o alfabetizaci\u00f3n digital. Incluso, este organismo la se\u00f1ala como una forma para lograr un &#8220;impacto monumental&#8221; en la expansi\u00f3n de las oportunidades de aprendizaje\u2028<br \/>Por Ximena Puente de la Mora<\/p>\n<p>  <!--more-->  <\/p>\n<p>Las ni\u00f1as y ni\u00f1os son nativos digitales. Integran el mundo virtual y f\u00edsico con facilidad, tienen relaciones interpersonales en l\u00ednea, internet es su medio de b\u00fasqueda informativa predilecto, adoptan novedades tecnol\u00f3gicas de manera inmediata, entre otras caracter\u00edsticas. No me refiero a ni\u00f1os de 6 a 12 a\u00f1os. Existe un acceso a contenidos y plataformas digitales a edades progresivamente m\u00e1s tempranas, que ya va alcanzando a aquellos que van de los 3 a los 6 a\u00f1os. Pero los peque\u00f1os son tambi\u00e9n un p\u00fablico vulnerable, y la mezcla de eso con el acceso a lo digital es un coctel potencialmente explosivo. Por esta raz\u00f3n, resulta apremiante orientar pol\u00edticas p\u00fablicas al respecto.<br \/>Una pol\u00edtica p\u00fablica reconocida por organismos internacionales como la Unesco es la educaci\u00f3n o alfabetizaci\u00f3n digital. Incluso, este organismo la se\u00f1ala como una forma para lograr un &#8220;impacto monumental&#8221; en la expansi\u00f3n de las oportunidades de aprendizaje. Y es que no es arriesgado afirmar que de ello depender\u00e1 en gran medida el ejercicio exitoso e incluyente de los derechos humanos en este siglo.<br \/>Teniendo eso en mente es que el Inai ha impulsado, junto con la organizaci\u00f3n educativa sin fines de lucro, Sesame Workshop, &#8220;Monstruos en Red&#8221;. Se trata de un proyecto que ya tuvo \u00e9xito en Colombia y que incorpor\u00f3 en la elaboraci\u00f3n de los contenidos el conocimiento de expertos en desarrollo de primera infancia y en alfabetizaci\u00f3n digital.<br \/>&#8220;Monstruos en Red&#8221; es un proyecto pensado para ni\u00f1os y ni\u00f1as \u2014entre los 3 y los 6 a\u00f1os, por el dise\u00f1o de la informaci\u00f3n\u2014, pero tambi\u00e9n para familias y educadores, que tiene por objetivo el auxiliar en la formaci\u00f3n de buenos h\u00e1bitos de uso y aprovechamiento de las nuevas tecnolog\u00edas de la informaci\u00f3n y las comunicaciones. Para la versi\u00f3n mexicana, el Inai y S\u00e9samo hemos ajustado el material, para hacer \u00e9nfasis en los temas de privacidad y protecci\u00f3n de datos personales de los menores para una navegaci\u00f3n segura.<br \/>De manera m\u00e1s espec\u00edfica, el proyecto busca, a trav\u00e9s de sus 26 episodios y el material complementario en l\u00ednea (que incluye una Gu\u00eda para padres y otra para educadores), que los peque\u00f1os desarrollen destrezas para el uso seguro y provechoso del mundo digital. Entre tales habilidades est\u00e1n la interpretaci\u00f3n de la informaci\u00f3n, la participaci\u00f3n responsable y efectiva, la soluci\u00f3n de problemas, la autorregulaci\u00f3n emocional, prevenci\u00f3n de conductas inseguras y conocimiento e inter\u00e9s en la ciencia y el desarrollo de tecnolog\u00eda.<br \/>La iniciativa en su conjunto hace eco de la Misi\u00f3n del Inai de difundir la cultura de los derechos que tutela y de manera particular de los resultados del &#8220;Estudio para fortalecer la estrategia de educaci\u00f3n c\u00edvica y cultura para el ejercicio del derecho a la protecci\u00f3n de los datos personales por parte de los titulares&#8221;, que el Instituto realiz\u00f3 en 2015, y el cual arroj\u00f3 como parte de sus conclusiones la necesidad de generar materiales y ejecutar actividades de concienciaci\u00f3n sobre la importancia del este derecho, entre padres, ni\u00f1as y ni\u00f1os.<br \/>Resulta relevante destacar que los h\u00e1bitos de consumo de las generaciones nativas digitales y aquellas que hemos ido migrando a lo digital, hacen indispensable el multiplicar las ventanas por las cuales padres, educadores y ni\u00f1os y ni\u00f1as tenemos acceso a los contenidos. Es por ello que estamos muy orgullosos de la alianza que hemos firmado con la principal televisora p\u00fablica del pa\u00eds, Canal Once, dirigida por nuestra amiga Jimena Salda\u00f1a, para la difusi\u00f3n de &#8220;Monstruos en Red&#8221; por Canal Once y Once Ni\u00f1os (canal 11.2). Igualmente, agradecemos a Google \u2014especialmente a Lina Ornelas y su equipo\u2014 el sumar el canal YouTube Kids al proyecto, haciendo posible el mostrar, por esta innovadora plataforma, los contenidos de la serie.<br \/>&#8220;Monstruos en Red&#8221; inicia transmisiones el 4 de septiembre. Los invito a verla por Canal Once, los lunes, mi\u00e9rcoles y viernes a las 15:30 h y domingos, 08:30 h; por Once Ni\u00f1os, lunes, mi\u00e9rcoles y viernes a las 20:00 horas, y domingos, 18:30, o bien, por las redes sociales del Inai y YouTube Kids. Es una oportunidad para que las generaciones m\u00e1s j\u00f3venes crezcan familiarizados con la relevancia de la protecci\u00f3n de los datos personales con la consecuente generaci\u00f3n de entornos de informaci\u00f3n m\u00e1s seguros y disfrutables; igualmente, de que los no tan j\u00f3venes entendamos mejor ese mundo de los peque\u00f1os y de los riesgos a los que pueden estar expuestos.<br \/>Twitter: @XimenaPuente<\/p>\n","protected":false},"excerpt":{"rendered":"<p>\u00a0\u00a0\u00a0 \u2022\u00a0\u00a0 \u00a0Una pol\u00edtica p\u00fablica reconocida por organismos internacionales como la Unesco es la educaci\u00f3n o alfabetizaci\u00f3n digital. Incluso, este organismo la se\u00f1ala como una forma para lograr un &#8220;impacto monumental&#8221; en la expansi\u00f3n de las oportunidades de aprendizaje\u2028Por Ximena Puente de la Mora<\/p>\n","protected":false},"author":93,"featured_media":0,"comment_status":"open","ping_status":"open","sticky":false,"template":"","format":"standard","meta":{"footnotes":""},"categories":[42],"tags":[],"class_list":["post-47132","post","type-post","status-publish","format-standard","hentry","category-nuestrapalabra"],"_links":{"self":[{"href":"https:\/\/plazajuarez.mx\/historico\/wp-json\/wp\/v2\/posts\/47132","targetHints":{"allow":["GET"]}}],"collection":[{"href":"https:\/\/plazajuarez.mx\/historico\/wp-json\/wp\/v2\/posts"}],"about":[{"href":"https:\/\/plazajuarez.mx\/historico\/wp-json\/wp\/v2\/types\/post"}],"author":[{"embeddable":true,"href":"https:\/\/plazajuarez.mx\/historico\/wp-json\/wp\/v2\/users\/93"}],"replies":[{"embeddable":true,"href":"https:\/\/plazajuarez.mx\/historico\/wp-json\/wp\/v2\/comments?post=47132"}],"version-history":[{"count":0,"href":"https:\/\/plazajuarez.mx\/historico\/wp-json\/wp\/v2\/posts\/47132\/revisions"}],"wp:attachment":[{"href":"https:\/\/plazajuarez.mx\/historico\/wp-json\/wp\/v2\/media?parent=47132"}],"wp:term":[{"taxonomy":"category","embeddable":true,"href":"https:\/\/plazajuarez.mx\/historico\/wp-json\/wp\/v2\/categories?post=47132"},{"taxonomy":"post_tag","embeddable":true,"href":"https:\/\/plazajuarez.mx\/historico\/wp-json\/wp\/v2\/tags?post=47132"}],"curies":[{"name":"wp","href":"https:\/\/api.w.org\/{rel}","templated":true}]}}