{"id":47131,"date":"2017-09-01T14:32:31","date_gmt":"2017-09-01T14:32:31","guid":{"rendered":"http:\/\/plazajuarez.mx\/index\/index.php\/2017\/09\/01\/la-unidad-en-los-partidos\/"},"modified":"2017-09-01T14:32:31","modified_gmt":"2017-09-01T14:32:31","slug":"la-unidad-en-los-partidos","status":"publish","type":"post","link":"https:\/\/plazajuarez.mx\/historico\/la-unidad-en-los-partidos\/","title":{"rendered":"La unidad en los partidos"},"content":{"rendered":"<p>\u00a0\u00a0\u00a0\u00a0 \u2022\u00a0\u00a0 \u00a0El proceso electoral de 2018 ya comenz\u00f3. Estamos justamente en el inicio de la fase en la que las organizaciones pol\u00edticas pasar\u00e1n por las pruebas m\u00e1s dif\u00edciles para su cohesi\u00f3n y fortaleza. De la forma como las superen depender\u00e1 su suerte en las urnas el primer domingo de julio del a\u00f1o pr\u00f3ximo. Son muchos los aspirantes y ser\u00e1n pocos los escogidos\u2028<\/p>\n<p>  <!--more-->  <\/p>\n<p>Es parad\u00f3jico que la unidad en los partidos sea una condici\u00f3n esencial para el cumplimiento de sus fines y en la ejecuci\u00f3n de sus planes. Digo parad\u00f3jico porque la natural disputa por los liderazgos, candidaturas y posiciones de influencia, as\u00ed como los debates ideol\u00f3gicos y program\u00e1ticos, incentivan la divisi\u00f3n.<br \/>El proceso electoral de 2018 ya comenz\u00f3. Estamos justamente en el inicio de la fase en la que las organizaciones pol\u00edticas pasar\u00e1n por las pruebas m\u00e1s dif\u00edciles para su cohesi\u00f3n y fortaleza. De la forma como las superen depender\u00e1 su suerte en las urnas el primer domingo de julio del a\u00f1o pr\u00f3ximo. Son muchos los aspirantes y ser\u00e1n pocos los escogidos. Las guerras dom\u00e9sticas est\u00e1n a la orden del d\u00eda.<br \/>El PRI conf\u00eda en la restauraci\u00f3n de la vieja facultad meta constitucional de los presidentes a designar a su sucesor \u2014esta vez s\u00f3lo al candidato\u2014 para salir adelante. Las malas experiencias de rupturas y desencuentros anteriores parece que lo han vacunado contra el divisionismo. No obstante, en la definici\u00f3n de su candidato presidencial enfrenta dilemas importantes. Raymundo Riva Palacio los describi\u00f3 puntualmente (2018: factores de la victoria, El Financiero, 29\/08).<br \/>Bajo las enga\u00f1osas aguas tranquilas del PRI hay un turbulento choque de grupos, el desplegado firmado por Ivonne Ortega, cabeza visible del movimiento Recuperemos AIPRI, lo revela, reclama una consulta abierta a la base militante con una fuerte denuncia: &#8220;El PRI es de millones de pri\u00edstas y lo tenemos que recuperar para que no siga en manos de la c\u00fapula de unos cuantos\u2026&#8221; (29\/08).<br \/>En estos duros pronunciamientos subyacen el enojo de quienes fueron descartados por el pre dedazo de Emilio Gamboa y el veto de Beltrones a Meade (El Pa\u00eds, 21\/08). As\u00ed las cosas, al acomodo de calabazas en el carro oficial a\u00fan le faltan varios brincos en su trayecto para salir unidos mediante su hist\u00f3rico verticalismo.<br \/>El PAN est\u00e1 en un berenjenal. Entre los aspirantes exigentes de piso parejo, vac\u00edos e indefiniciones estrat\u00e9gicas y el incremento de aspirantes a la candidatura presidencial, se entrometi\u00f3 el proyecto de una coalici\u00f3n opositora cuyo ensamblaje ser\u00e1 m\u00e1s arduo que los doce trabajos de H\u00e9rcules. Agr\u00e9guese al coctel blanquiazul la ofensiva del PRI-gobierno para hundir el barco antes de la batalla y los prianistas amotinados a bordo listos para saltar de la nave.<br \/>As\u00ed como van las cosas no es ocioso recordar la historia de 1976; cuando el encono entre dos corrientes y el exigente mecanismo estatutario trab\u00f3 la convenci\u00f3n celebrada en el Cine \u00d3pera. A\u00fan recuerdo con estremecimiento la congoja con la que Manuel Gonz\u00e1lez Hinojosa, presidente del CEN, expres\u00f3 la sentencia fatal ante los convencionistas que ah\u00ed nos hab\u00edamos dado cita para elegir a nuestro abanderado: &#8220;No hay candidato de Acci\u00f3n Nacional a la Presidencia de la Rep\u00fablica&#8221;. A fe m\u00eda que de darse esa hip\u00f3tesis la fiesta no ser\u00e1 en Insurgentes Norte.<br \/>En el PRD ya ni de candidato ni hablamos. La dirigencia coalicionista vive a salto de mata entre su ratificaci\u00f3n y la defenestraci\u00f3n. Sus tribus se mordisquean inmisericordemente, sus lealtades vacilan entre la coalici\u00f3n opositora, el frente de izquierdas, la masoquista s\u00faplica de cari\u00f1o a AMLO y sus acuerdos ad hoc con el r\u00e9gimen (modelo Edomex). Lo que quede del Sol Azteca en 2018 es una de las grandes inc\u00f3gnitas del proceso pol\u00edtico en marcha.<br \/>En Morena no se puede hablar de unidad. Ah\u00ed se impone la uniformidad, como en los desfiles organizados en Corea del Norte. Con el mando de quien con sus hechos parafrasea a Luis XIV &#8221; el partido soy yo&#8221;, nadie disiente. Y lo que son las cosas, este caudillo dictatorial por ahora encabeza las encuestas.<br \/>Twitter: @LF_BravoMena<\/p>\n","protected":false},"excerpt":{"rendered":"<p>\u00a0\u00a0\u00a0\u00a0 \u2022\u00a0\u00a0 \u00a0El proceso electoral de 2018 ya comenz\u00f3. Estamos justamente en el inicio de la fase en la que las organizaciones pol\u00edticas pasar\u00e1n por las pruebas m\u00e1s dif\u00edciles para su cohesi\u00f3n y fortaleza. De la forma como las superen depender\u00e1 su suerte en las urnas el primer domingo de julio del a\u00f1o pr\u00f3ximo. Son [&hellip;]<\/p>\n","protected":false},"author":93,"featured_media":0,"comment_status":"open","ping_status":"open","sticky":false,"template":"","format":"standard","meta":{"footnotes":""},"categories":[42],"tags":[],"class_list":["post-47131","post","type-post","status-publish","format-standard","hentry","category-nuestrapalabra"],"_links":{"self":[{"href":"https:\/\/plazajuarez.mx\/historico\/wp-json\/wp\/v2\/posts\/47131","targetHints":{"allow":["GET"]}}],"collection":[{"href":"https:\/\/plazajuarez.mx\/historico\/wp-json\/wp\/v2\/posts"}],"about":[{"href":"https:\/\/plazajuarez.mx\/historico\/wp-json\/wp\/v2\/types\/post"}],"author":[{"embeddable":true,"href":"https:\/\/plazajuarez.mx\/historico\/wp-json\/wp\/v2\/users\/93"}],"replies":[{"embeddable":true,"href":"https:\/\/plazajuarez.mx\/historico\/wp-json\/wp\/v2\/comments?post=47131"}],"version-history":[{"count":0,"href":"https:\/\/plazajuarez.mx\/historico\/wp-json\/wp\/v2\/posts\/47131\/revisions"}],"wp:attachment":[{"href":"https:\/\/plazajuarez.mx\/historico\/wp-json\/wp\/v2\/media?parent=47131"}],"wp:term":[{"taxonomy":"category","embeddable":true,"href":"https:\/\/plazajuarez.mx\/historico\/wp-json\/wp\/v2\/categories?post=47131"},{"taxonomy":"post_tag","embeddable":true,"href":"https:\/\/plazajuarez.mx\/historico\/wp-json\/wp\/v2\/tags?post=47131"}],"curies":[{"name":"wp","href":"https:\/\/api.w.org\/{rel}","templated":true}]}}