{"id":47082,"date":"2017-08-31T11:37:05","date_gmt":"2017-08-31T11:37:05","guid":{"rendered":"http:\/\/plazajuarez.mx\/index\/index.php\/2017\/08\/31\/dese-por-enterado-262\/"},"modified":"2020-04-14T19:07:55","modified_gmt":"2020-04-14T19:07:55","slug":"dese-por-enterado-262","status":"publish","type":"post","link":"https:\/\/plazajuarez.mx\/historico\/dese-por-enterado-262\/","title":{"rendered":"DESE POR ENTERADO"},"content":{"rendered":"<p>UN A\u00d1O.- Ma\u00f1ana se cumple un a\u00f1o de que Omar Fayad Meneses asumi\u00f3 la gubernatura del estado. Un a\u00f1o nada f\u00e1cil por los asuntos econ\u00f3micos, pero sobre todo en lo pol\u00edtico, ante la embestida de los que se vieron humillados y ofendidos al ser desplazados de sus cotos de poder. Un a\u00f1o que quedar\u00e1 para la memoria, porque las presiones han sido brutales sobre el mandatario hidalguense, incluso de manera por dem\u00e1s c\u00ednica. Un a\u00f1o que ha logrado no solo sortear, sino aprovechar para cimentar lo que ser\u00e1n los restantes cinco a\u00f1os. Un a\u00f1o en que asumi\u00f3 el reto\u2026 y lo gan\u00f3.<\/p>\n<p>  <!--more-->  <\/p>\n<p>\u00a0\u00a0 \u00a0\u00a0\u00a0 \u00a0\u00a0\u00a0 \u00a0\u00a0\u00a0 \u00a0\u00a0\u00a0 \u00a0***<\/p>\n<p>CONSEJO NACIONAL DE SEGURIDAD P\u00daBLICA.- El gobernador del estado, Omar Fayad Meneses, expuso la necesidad de conformar la Red Nacional de Radiocomunicaci\u00f3n que incluya a todas las entidades del pa\u00eds en la sesi\u00f3n n\u00famero 42 del Consejo. Del mismo modo propuso fortalecer el Sistema Procesal, a trav\u00e9s de un nuevo formato de Informe Policial Homologado. Todas sus iniciativas recibieron el benepl\u00e1cito de los asistentes, lo que habla de un mandatario que conoce a fondo el tema, y precisamente un d\u00eda antes de que cumpla el primer a\u00f1o de su gesti\u00f3n al frente del gobierno hidalguense.<\/p>\n<p>\u00a0\u00a0 \u00a0\u00a0\u00a0 \u00a0\u00a0\u00a0 \u00a0\u00a0\u00a0 \u00a0\u00a0\u00a0 \u00a0***<\/p>\n<p>\u00bfNO HAY QUIEN LE ECHE UNA MANITA?.- Por el amor de Dios, que alguien asesore a la presidenta municipal de Pachuca, Yolanda Teller\u00eda, quien ha encontrado en el asunto de los parqu\u00edmetros su Waterloo, porque cuando piensa que ya la libr\u00f3 se sucede una nueva complicaci\u00f3n que la ha colocado en una situaci\u00f3n cr\u00edtica, en todo el sentido de la palabra. Ayer la firma Moviparq tuvo hasta m\u00e1s iniciativa que la alcald\u00eda y anunci\u00f3 la entrega de calcoman\u00edas a los vecinos de los lugares donde se cobrar\u00e1 estacionamiento, a fin de que puedan seguir su vida normal sin necesidad de echarle monedas al parqu\u00edmetro. Del otro lado, de la presidencia, de plano silencio sepulcral.<\/p>\n<p>\u00a0\u00a0 \u00a0\u00a0\u00a0 \u00a0\u00a0\u00a0 \u00a0\u00a0\u00a0 \u00a0\u00a0\u00a0 \u00a0***<\/p>\n<p>JES\u00daS MART\u00cdNEZ, EL DEL PACHUCA.- Pues resulta que Carlos Slim ya se dio cuenta del alacrancito que se hab\u00eda echado encima al aceptar hacerse socio con los caritativos y fil\u00e1ntropos Jes\u00fas Mart\u00ednez y Andr\u00e9s Fassi. Sin embargo, y pasado algunos meses, m\u00e1s que sorprendido se dijo que nunca de los nuncas hab\u00eda tratado con empresarios tan voraces. Por tal motivo arranc\u00f3 de inmediato los tr\u00e1mites de separaci\u00f3n, y adelant\u00f3 que ha sido la experiencia m\u00e1s amarga de toda su existencia. Los que vivimos en Pachuca, todos, pudimos haberlo aconsejado sobre estos sujetos, pero nom\u00e1s no nos consult\u00f3.<\/p>\n<p>\u00a0\u00a0 \u00a0\u00a0\u00a0 \u00a0\u00a0\u00a0 \u00a0\u00a0\u00a0 \u00a0\u00a0\u00a0 \u00a0***<\/p>\n<p>Por hoy, usted puede DARSE POR ENTERADO<br \/>desexenterado@gmail.com<br \/>@desexenterado<\/p>\n<p><\/p>\n","protected":false},"excerpt":{"rendered":"<p>UN A\u00d1O.- Ma\u00f1ana se cumple un a\u00f1o de que Omar Fayad Meneses asumi\u00f3 la gubernatura del estado. Un a\u00f1o nada f\u00e1cil por los asuntos econ\u00f3micos, pero sobre todo en lo pol\u00edtico, ante la embestida de los que se vieron humillados y ofendidos al ser desplazados de sus cotos de poder. Un a\u00f1o que quedar\u00e1 para [&hellip;]<\/p>\n","protected":false},"author":93,"featured_media":0,"comment_status":"open","ping_status":"open","sticky":false,"template":"","format":"standard","meta":{"footnotes":""},"categories":[83,42],"tags":[66],"class_list":["post-47082","post","type-post","status-publish","format-standard","hentry","category-dese-por-enterado","category-nuestrapalabra","tag-dese"],"_links":{"self":[{"href":"https:\/\/plazajuarez.mx\/historico\/wp-json\/wp\/v2\/posts\/47082","targetHints":{"allow":["GET"]}}],"collection":[{"href":"https:\/\/plazajuarez.mx\/historico\/wp-json\/wp\/v2\/posts"}],"about":[{"href":"https:\/\/plazajuarez.mx\/historico\/wp-json\/wp\/v2\/types\/post"}],"author":[{"embeddable":true,"href":"https:\/\/plazajuarez.mx\/historico\/wp-json\/wp\/v2\/users\/93"}],"replies":[{"embeddable":true,"href":"https:\/\/plazajuarez.mx\/historico\/wp-json\/wp\/v2\/comments?post=47082"}],"version-history":[{"count":0,"href":"https:\/\/plazajuarez.mx\/historico\/wp-json\/wp\/v2\/posts\/47082\/revisions"}],"wp:attachment":[{"href":"https:\/\/plazajuarez.mx\/historico\/wp-json\/wp\/v2\/media?parent=47082"}],"wp:term":[{"taxonomy":"category","embeddable":true,"href":"https:\/\/plazajuarez.mx\/historico\/wp-json\/wp\/v2\/categories?post=47082"},{"taxonomy":"post_tag","embeddable":true,"href":"https:\/\/plazajuarez.mx\/historico\/wp-json\/wp\/v2\/tags?post=47082"}],"curies":[{"name":"wp","href":"https:\/\/api.w.org\/{rel}","templated":true}]}}