{"id":47081,"date":"2017-08-31T11:36:00","date_gmt":"2017-08-31T11:36:00","guid":{"rendered":"http:\/\/plazajuarez.mx\/index\/index.php\/2017\/08\/31\/el-pan-en-cueros-en-el-senado\/"},"modified":"2017-08-31T11:36:00","modified_gmt":"2017-08-31T11:36:00","slug":"el-pan-en-cueros-en-el-senado","status":"publish","type":"post","link":"https:\/\/plazajuarez.mx\/historico\/el-pan-en-cueros-en-el-senado\/","title":{"rendered":"El PAN, en &#8220;cueros&#8221; en el Senado"},"content":{"rendered":"<p>Bajo Reserva Expr\u00e9s<\/p>\n<p>  <!--more-->  <\/p>\n<p>Una de las primeras batallas de la guerra de Ricardo Anaya contra el PRI, temen algunos senadores panistas, es que el PAN se quede en &#8220;cueros&#8221; en el Senado.<br \/>Nos explican que todo se acomoda para los priistas, comandados por Emilio Gamboa, se den un fest\u00edn con los \u00f3rganos de gobierno de la C\u00e1mara de Senadores en el \u00faltimo a\u00f1o legislativo que arranca el primero de septiembre.<br \/>\u00bfDe qu\u00e9 le hablamos? La guerra declarada por el joven y pr\u00f3spero dirigente panista los dej\u00f3 sin interlocuci\u00f3n con los del tricolor, quienes se aprestan a repartirse, entre ellos, la presidencia de la mesa directiva, la Junta de Coordinaci\u00f3n Pol\u00edtica y la conducci\u00f3n del Instituto Belisario Dom\u00ednguez.<br \/>El instituto, nos comentan, podr\u00edan cederlo a otra fuerza pol\u00edtica, como moneda de cambio.<br \/>En las pr\u00f3ximas horas se ver\u00e1 si los azules registran las primeras bajas de guerra.<\/p>\n","protected":false},"excerpt":{"rendered":"<p>Bajo Reserva Expr\u00e9s<\/p>\n","protected":false},"author":93,"featured_media":0,"comment_status":"open","ping_status":"open","sticky":false,"template":"","format":"standard","meta":{"footnotes":""},"categories":[42],"tags":[],"class_list":["post-47081","post","type-post","status-publish","format-standard","hentry","category-nuestrapalabra"],"_links":{"self":[{"href":"https:\/\/plazajuarez.mx\/historico\/wp-json\/wp\/v2\/posts\/47081","targetHints":{"allow":["GET"]}}],"collection":[{"href":"https:\/\/plazajuarez.mx\/historico\/wp-json\/wp\/v2\/posts"}],"about":[{"href":"https:\/\/plazajuarez.mx\/historico\/wp-json\/wp\/v2\/types\/post"}],"author":[{"embeddable":true,"href":"https:\/\/plazajuarez.mx\/historico\/wp-json\/wp\/v2\/users\/93"}],"replies":[{"embeddable":true,"href":"https:\/\/plazajuarez.mx\/historico\/wp-json\/wp\/v2\/comments?post=47081"}],"version-history":[{"count":0,"href":"https:\/\/plazajuarez.mx\/historico\/wp-json\/wp\/v2\/posts\/47081\/revisions"}],"wp:attachment":[{"href":"https:\/\/plazajuarez.mx\/historico\/wp-json\/wp\/v2\/media?parent=47081"}],"wp:term":[{"taxonomy":"category","embeddable":true,"href":"https:\/\/plazajuarez.mx\/historico\/wp-json\/wp\/v2\/categories?post=47081"},{"taxonomy":"post_tag","embeddable":true,"href":"https:\/\/plazajuarez.mx\/historico\/wp-json\/wp\/v2\/tags?post=47081"}],"curies":[{"name":"wp","href":"https:\/\/api.w.org\/{rel}","templated":true}]}}