{"id":47079,"date":"2017-08-31T11:35:17","date_gmt":"2017-08-31T11:35:17","guid":{"rendered":"http:\/\/plazajuarez.mx\/index\/index.php\/2017\/08\/31\/observa-a-tu-peque-al-regresar-a-clases\/"},"modified":"2017-08-31T11:35:17","modified_gmt":"2017-08-31T11:35:17","slug":"observa-a-tu-peque-al-regresar-a-clases","status":"publish","type":"post","link":"https:\/\/plazajuarez.mx\/historico\/observa-a-tu-peque-al-regresar-a-clases\/","title":{"rendered":"Observa a tu peque al regresar a clases"},"content":{"rendered":"<p>Vida<br \/>Ansiedad, insomnio y depresi\u00f3n padecen algunos ni\u00f1os \u00a1cuidado!.<\/p>\n<p>  <!--more-->  <\/p>\n<p>La vuelta a los salones de clases es toda una aventura, pero no siempre feliz para algunos ni\u00f1os. El Centro de Estudios Psicol\u00f3gicos en la Infancia (CEEPI) alerta sobre que hay menores que tienen cuadros de ansiedad y otros s\u00edntomas al retornar a la escuela.<br \/>Los especialistas del Centro cuentan que han atendido a ni\u00f1os con insomnio y algunos con s\u00edntomas de depresi\u00f3n, causado por el temor de volver a la escuela.<br \/>Los detalles importan. La directora del CEEPI, doctora Claudia Sotelo Arias, explica que &#8220;despu\u00e9s de estar un mes con su familia, el hecho de separarse siempre provocar\u00e1 alg\u00fan grado de ansiedad y temor&#8221;.<br \/>El problema aparece cuando los ni\u00f1os padecen los s\u00edntomas de forma aguda y constante durante m\u00e1s de 15 d\u00edas, entonces es indispensable averiguar qu\u00e9 hay detr\u00e1s del miedo de ir a la escuela.<br \/>Puntos clave. El trabajo de Centro ha dejado en claro que hay tres cuestiones relevantes en este campo:<br \/>1. Bullying. Si ha existido acoso escolar constante o si el ni\u00f1o no se siente integrado desde el aspecto social a su colegio. Esto se presenta en 50% de los casos.<br \/>Posible soluci\u00f3n: Hablar con el ni\u00f1o y si los padres detectan bullying o desintegraci\u00f3n tendr\u00e1n que establecer una estrategia conjunta con el colegio. Es recomendable que el ni\u00f1o acuda a terapia psicol\u00f3gica.<br \/>2. Sobreprotecci\u00f3n. Los ni\u00f1os no han aprendido a tener autonom\u00eda y cuando llega el d\u00eda de ir a la escuela hacen berrinches y se tornan ingobernables, porque existe un miedo irracional a la separaci\u00f3n de sus padres. Esto sucede en el 30% de los casos (principalmente en edad de preescolar y los primeros dos a\u00f1os de educaci\u00f3n primaria).<br \/>Posible soluci\u00f3n: Los pap\u00e1s tienen que mostrarle a sus hijos las bondades que brinda la escuela. Nunca es bueno amenazar. Es indispensable regular h\u00e1bitos.<br \/>3. Por problemas de aprendizaje. Cuando se ven frustrados constantemente porque su aprovechamiento escolar no es bueno. Sienten frustraci\u00f3n, depresi\u00f3n y ver\u00e1n minada su autoestima. Esta causa se presenta en el 20%. <br \/>Posible Soluci\u00f3n. No todas las escuelas son para todos los ni\u00f1os. Un peque\u00f1o que tiene problemas de aprendizaje no necesariamente tiene coeficiente intelectual bajo; puede ser problema emocional.<br \/>En CEEPI ayudamos a los ni\u00f1os y familiares con terapias, aplicamos pruebas que determinan problemas emocionales<br \/>Carmen Sotelo, directora.<\/p>\n","protected":false},"excerpt":{"rendered":"<p>VidaAnsiedad, insomnio y depresi\u00f3n padecen algunos ni\u00f1os \u00a1cuidado!.<\/p>\n","protected":false},"author":93,"featured_media":0,"comment_status":"open","ping_status":"open","sticky":false,"template":"","format":"standard","meta":{"footnotes":""},"categories":[42],"tags":[],"class_list":["post-47079","post","type-post","status-publish","format-standard","hentry","category-nuestrapalabra"],"_links":{"self":[{"href":"https:\/\/plazajuarez.mx\/historico\/wp-json\/wp\/v2\/posts\/47079","targetHints":{"allow":["GET"]}}],"collection":[{"href":"https:\/\/plazajuarez.mx\/historico\/wp-json\/wp\/v2\/posts"}],"about":[{"href":"https:\/\/plazajuarez.mx\/historico\/wp-json\/wp\/v2\/types\/post"}],"author":[{"embeddable":true,"href":"https:\/\/plazajuarez.mx\/historico\/wp-json\/wp\/v2\/users\/93"}],"replies":[{"embeddable":true,"href":"https:\/\/plazajuarez.mx\/historico\/wp-json\/wp\/v2\/comments?post=47079"}],"version-history":[{"count":0,"href":"https:\/\/plazajuarez.mx\/historico\/wp-json\/wp\/v2\/posts\/47079\/revisions"}],"wp:attachment":[{"href":"https:\/\/plazajuarez.mx\/historico\/wp-json\/wp\/v2\/media?parent=47079"}],"wp:term":[{"taxonomy":"category","embeddable":true,"href":"https:\/\/plazajuarez.mx\/historico\/wp-json\/wp\/v2\/categories?post=47079"},{"taxonomy":"post_tag","embeddable":true,"href":"https:\/\/plazajuarez.mx\/historico\/wp-json\/wp\/v2\/tags?post=47079"}],"curies":[{"name":"wp","href":"https:\/\/api.w.org\/{rel}","templated":true}]}}