{"id":46973,"date":"2017-08-29T14:12:08","date_gmt":"2017-08-29T14:12:08","guid":{"rendered":"http:\/\/plazajuarez.mx\/index\/index.php\/2017\/08\/29\/dese-por-enterado-260\/"},"modified":"2020-04-14T19:07:55","modified_gmt":"2020-04-14T19:07:55","slug":"dese-por-enterado-260","status":"publish","type":"post","link":"https:\/\/plazajuarez.mx\/historico\/dese-por-enterado-260\/","title":{"rendered":"DESE POR ENTERADO"},"content":{"rendered":"<p>MAR\u00cdA LUISA P\u00c9REZ PERUSQU\u00cdA.- La Presidenta de la Junta de Gobierno del Congreso del Estado, rindi\u00f3 su primer informe de labores al frente del Poder Legislativo, y en muchos sentidos puede afirmarse que su trabajo ha resultado interesante por lograr que todas las fracciones pol\u00edticas se hayan puesto de acuerdo en temas fundamentales para la entidad. De trato amable pero firme, P\u00e9rez Perusqu\u00eda, ha trabajado bajo un solo eje: lograr consensos, y lo alcanzado a la fecha avala esta posibilidad.<\/p>\n<p>  <!--more-->  <\/p>\n<p>\u00a0\u00a0 \u00a0\u00a0\u00a0 \u00a0\u00a0\u00a0 \u00a0\u00a0\u00a0 \u00a0\u00a0\u00a0 \u00a0***<\/p>\n<p>IRMA EUGENIA GUTI\u00c9RREZ MEJ\u00cdA.- La actual presidenta de la Fundaci\u00f3n Arturo Herrera Caba\u00f1as, se perfila como la segura coordinadora estatal de Morena, lo que la colocar\u00eda en la antesala de ser la candidata a Senadora de la Rep\u00fablica por la v\u00eda de representaci\u00f3n proporcional y la plurinominal. Se trata, sin duda alguna, de todo un personaje del trabajo en favor de los m\u00e1s necesitados en la entidad, am\u00e9n de haber desempe\u00f1ado con absoluta honradez y profesionalismo el cargo de Secretaria de Salud en el gobierno de Jes\u00fas Murillo, sin que para ello haya tenido que renunciar a su ideolog\u00eda de izquierda. Morena ganar\u00eda con ella en todos sentidos.<br \/>\u00a0\u00a0 \u00a0\u00a0\u00a0 \u00a0\u00a0\u00a0 \u00a0\u00a0\u00a0 \u00a0\u00a0\u00a0 \u00a0***<br \/>FERNANDO HIDALGO.- El titular de la Coordinaci\u00f3n de Comunicaci\u00f3n Social del Congreso de Hidalgo, ha demostrado un profesionalismo real en su labor. Sabe hacer su trabajo, es firme en sus opiniones entre el gremio period\u00edstico que lo consideran uno de los suyos, y eso es importante para la oficina que dirige. En pocas ocasiones se reconoce el trabajo de un encargado del \u00e1rea de Comunicaci\u00f3n Social, y este es el caso.<br \/>\u00a0\u00a0 \u00a0\u00a0\u00a0 \u00a0\u00a0\u00a0 \u00a0\u00a0\u00a0 \u00a0\u00a0\u00a0 \u00a0***<br \/>ANTONIO MOTA.- Al pobre ex candidato del Grupo Universidad a la presidencia municipal de Pachuca, en ese momento vestido de ciudadano, lo mandan siempre a bailar con la m\u00e1s fea, y ahora sin otra arma que ser un buen abogado, fue enviado a la guerra sin fusil, am\u00e9n de verse como un arribista en el conflicto de los parqu\u00edmetros de Pachuca. Al pobre profesor Mota siempre lo colocan en verdaderas situaciones imposibles, pero si el general manda ni modos decirle que no. Nadie quisiera estar en su pellejo, porque a una trayectoria acad\u00e9mica importante, le sucede esto de ponerse como el payaso de circo para que le peguen con todo.<br \/>\u00a0\u00a0 \u00a0\u00a0\u00a0 \u00a0\u00a0\u00a0 \u00a0\u00a0\u00a0 \u00a0\u00a0\u00a0 \u00a0***<br \/>Por hoy, usted puede DARSE POR ENTERADO<br \/>desexenterado@gmail.com<br \/>@desexenterado<\/p>\n","protected":false},"excerpt":{"rendered":"<p>MAR\u00cdA LUISA P\u00c9REZ PERUSQU\u00cdA.- La Presidenta de la Junta de Gobierno del Congreso del Estado, rindi\u00f3 su primer informe de labores al frente del Poder Legislativo, y en muchos sentidos puede afirmarse que su trabajo ha resultado interesante por lograr que todas las fracciones pol\u00edticas se hayan puesto de acuerdo en temas fundamentales para la [&hellip;]<\/p>\n","protected":false},"author":93,"featured_media":0,"comment_status":"open","ping_status":"open","sticky":false,"template":"","format":"standard","meta":{"footnotes":""},"categories":[83,42],"tags":[66],"class_list":["post-46973","post","type-post","status-publish","format-standard","hentry","category-dese-por-enterado","category-nuestrapalabra","tag-dese"],"_links":{"self":[{"href":"https:\/\/plazajuarez.mx\/historico\/wp-json\/wp\/v2\/posts\/46973","targetHints":{"allow":["GET"]}}],"collection":[{"href":"https:\/\/plazajuarez.mx\/historico\/wp-json\/wp\/v2\/posts"}],"about":[{"href":"https:\/\/plazajuarez.mx\/historico\/wp-json\/wp\/v2\/types\/post"}],"author":[{"embeddable":true,"href":"https:\/\/plazajuarez.mx\/historico\/wp-json\/wp\/v2\/users\/93"}],"replies":[{"embeddable":true,"href":"https:\/\/plazajuarez.mx\/historico\/wp-json\/wp\/v2\/comments?post=46973"}],"version-history":[{"count":0,"href":"https:\/\/plazajuarez.mx\/historico\/wp-json\/wp\/v2\/posts\/46973\/revisions"}],"wp:attachment":[{"href":"https:\/\/plazajuarez.mx\/historico\/wp-json\/wp\/v2\/media?parent=46973"}],"wp:term":[{"taxonomy":"category","embeddable":true,"href":"https:\/\/plazajuarez.mx\/historico\/wp-json\/wp\/v2\/categories?post=46973"},{"taxonomy":"post_tag","embeddable":true,"href":"https:\/\/plazajuarez.mx\/historico\/wp-json\/wp\/v2\/tags?post=46973"}],"curies":[{"name":"wp","href":"https:\/\/api.w.org\/{rel}","templated":true}]}}