{"id":46972,"date":"2017-08-29T14:11:36","date_gmt":"2017-08-29T14:11:36","guid":{"rendered":"http:\/\/plazajuarez.mx\/index\/index.php\/2017\/08\/29\/el-mal-no-es-banal-se-contagia\/"},"modified":"2017-08-29T14:11:36","modified_gmt":"2017-08-29T14:11:36","slug":"el-mal-no-es-banal-se-contagia","status":"publish","type":"post","link":"https:\/\/plazajuarez.mx\/historico\/el-mal-no-es-banal-se-contagia\/","title":{"rendered":"El Mal no es banal, se contagia"},"content":{"rendered":"<p>\u00a0\u00a0\u00a0 \u2022\u00a0\u00a0 \u00a0El mundo est\u00e1 desbocado. El fanatismo no tiene l\u00edmites. Es contagioso. Carece de fronteras. Entre m\u00e1s muertos, mejor\u2028<\/p>\n<p>  <!--more-->  <\/p>\n<p>Compasi\u00f3n, otredad, cultura, \u00e9tica, solidaridad, lealtad, generosidad, benevolencia, justicia moral y valores humanos, entre otros, son espacios e ideas imprescindibles en la arquitectura del ser humano. Espacios necesarios, cada vez m\u00e1s necesarios: la geograf\u00eda contempor\u00e1nea del ser humano requiere, con urgencia, encontrar las v\u00edas para restaurar y contagiar esos valores. Actos dantescos como la mataz\u00f3n de Barcelona y las otras barcelonas \u2014Niza, Londres, Bruselas\u2014 y la de los miles de refugiados muertos en el mar en busca de la vida negada en sus pa\u00edses \u2014Libia, Siria, Eritrea\u2026\u2014 refuerzan el apuro, cada vez m\u00e1s lejano, de fortalecer el alma y contagiar preceptos \u00e9ticos.<br \/>Desafortunadamente, esas virtudes no son prioridades en el devenir del mundo hoy; basta recorrer la informaci\u00f3n period\u00edstica formal o el periodismo 3.0: privan desasosiego, malas noticias, asesinatos, muertes sin raz\u00f3n, y unos largos e interminables puntos suspensivos, como la brutalidad de las im\u00e1genes compartidas por testigos de la masacre en Las Ramblas.<br \/>La terrible inutilidad de las muertes sin sentido, sobre todo cuando suman varios cad\u00e1veres, como las de Barcelona y otras ciudades europeas, son producto del fanatismo, enfermedad no moderna, en ascenso y sin remedio; los cad\u00e1veres, sin importar su origen, representan, escribo desarmado, con dolor, el triunfo de los perpetradores, la victoria del Mal. Convertir la muerte de otros en propaganda es leitmotiv de los islamistas radicales; sacrificar la propia vida acabando con las de otros, siempre desconocidos, es el culmen de una existencia dominada por el fanatismo.<br \/>Occidente responde con celeridad. Los asesinatos en masa alcanzan la red en segundos y se convierten en entrada en Wikipedia en horas. Eso buscan los homicidas. Los muertos, los heridos, las familias rotas, la banalidad de las palabras, la inutilidad de los consuelos y las incontables entradas en la red multiplican el \u00e9xito y la perfecci\u00f3n del Mal. En menos de un d\u00eda el crimen entr\u00f3 a Wikipedia: Atentados de Catalu\u00f1a de 2017, reza la entrada. Copio las primeras l\u00edneas, &#8220;Los atentados de Catalu\u00f1a de 2017 \u2014del 17 de agosto\u2014 fueron una serie de ataques terroristas\u2026 donde se desarroll\u00f3 un atropellamiento masivo con una furgoneta\u2026 horas despu\u00e9s, el Estado Isl\u00e1mico reivindic\u00f3 el atentado\u2026&#8221;. Mientras escribo, la p\u00e1gina de Wikipedia crece.<br \/>Los fan\u00e1ticos asesinos son maestros. Sus gur\u00fas conocen su oficio: los entrenan a la perfecci\u00f3n. Los descabezan. Los desnudan. Descabezados y desnudos se entregan, sin recato, para hacer lo que deben hacer: matar. Hay una diferencia infinita entre ser alumno del Estado Isl\u00e1mico y de cualquier universidad occidental; en Occidente es correcto dudar y disentir; en cambio, los candidatos del Estado Isl\u00e1mico creen, sin ambages, en los mensajes de sus imanes. No hay s\u00ed, no hay no. Todo es la palabra de su l\u00edder. Todo radica en la magia del adoctrinamiento; ignoro c\u00f3mo lo logran, pero lo logran: envilecen todas las palabras y acciones vinculadas con \u00e9tica y moral. En eso radica el triunfo del Mal: cero \u00e9tica, cero compasi\u00f3n. Los instructores de los fan\u00e1ticos son maestros: drenan a sus alumnos de todo discurso humano. Son perfectos: anulan la vida, vindican la muerte, nulifican al ser humano. Adem\u00e1s, tienen \u00e9xito medi\u00e1tico y personal.<br \/>Los diversos or\u00edgenes de las v\u00edctimas de la masacre en Las Ramblas son una gran victoria para los s\u00e1trapas. Los 14 fallecidos y los 126 heridos provienen de 35 pa\u00edses. Alemania, Argelia, Argentina, Per\u00fa y as\u00ed, hasta sumar 35. Del atentado se habla, y se hablar\u00e1 en todo el mundo. C\u00f3mo se hizo despu\u00e9s de Nueva York, de Londres o de Niza. Y despu\u00e9s, los muertos seguir\u00e1n el camino de las muertes in\u00fatiles; s\u00f3lo ser\u00e1n recordados por sus seres cercanos. Y despu\u00e9s, otro despu\u00e9s: el mundo ser\u00e1 testigo de una nueva masacre. Inmenso \u00e9xito propagand\u00edstico, inmensa victoria de los imanes, quienes en lugar de ense\u00f1ar moral, ense\u00f1an odio. El peso medi\u00e1tico de la maldad es absoluto. Nada compite contra ese triunfo. Nada. Lo saben los asesinos, se los dijo su maestro. La repercusi\u00f3n en los medios de comunicaci\u00f3n del terrorismo en Occidente es mayor que cualquier manifestaci\u00f3n cultural o humanitaria.<br \/>El mundo est\u00e1 desbocado. El fanatismo no tiene l\u00edmites. Es contagioso. Carece de fronteras. Entre m\u00e1s muertos, mejor. A diferencia de las ideas occidentales, las muertes de inocentes, para los fan\u00e1ticos del Estado Isl\u00e1mico, no son in\u00fatiles. Todo lo contrario. Entre m\u00e1s cad\u00e1veres mejor. Entre m\u00e1s prensa, mejor.<br \/>Notas insomnes. Revivo a Camus: &#8220;Cada generaci\u00f3n se cree destinada a rehacer el mundo. La m\u00eda sabe, sin embargo, que no podr\u00e1 hacerlo. Pero su tarea es quiz\u00e1s mayor. Consiste en impedir que el mundo se desmorone&#8221;.<\/p>\n","protected":false},"excerpt":{"rendered":"<p>\u00a0\u00a0\u00a0 \u2022\u00a0\u00a0 \u00a0El mundo est\u00e1 desbocado. El fanatismo no tiene l\u00edmites. Es contagioso. Carece de fronteras. Entre m\u00e1s muertos, mejor\u2028<\/p>\n","protected":false},"author":93,"featured_media":0,"comment_status":"open","ping_status":"open","sticky":false,"template":"","format":"standard","meta":{"footnotes":""},"categories":[42],"tags":[],"class_list":["post-46972","post","type-post","status-publish","format-standard","hentry","category-nuestrapalabra"],"_links":{"self":[{"href":"https:\/\/plazajuarez.mx\/historico\/wp-json\/wp\/v2\/posts\/46972","targetHints":{"allow":["GET"]}}],"collection":[{"href":"https:\/\/plazajuarez.mx\/historico\/wp-json\/wp\/v2\/posts"}],"about":[{"href":"https:\/\/plazajuarez.mx\/historico\/wp-json\/wp\/v2\/types\/post"}],"author":[{"embeddable":true,"href":"https:\/\/plazajuarez.mx\/historico\/wp-json\/wp\/v2\/users\/93"}],"replies":[{"embeddable":true,"href":"https:\/\/plazajuarez.mx\/historico\/wp-json\/wp\/v2\/comments?post=46972"}],"version-history":[{"count":0,"href":"https:\/\/plazajuarez.mx\/historico\/wp-json\/wp\/v2\/posts\/46972\/revisions"}],"wp:attachment":[{"href":"https:\/\/plazajuarez.mx\/historico\/wp-json\/wp\/v2\/media?parent=46972"}],"wp:term":[{"taxonomy":"category","embeddable":true,"href":"https:\/\/plazajuarez.mx\/historico\/wp-json\/wp\/v2\/categories?post=46972"},{"taxonomy":"post_tag","embeddable":true,"href":"https:\/\/plazajuarez.mx\/historico\/wp-json\/wp\/v2\/tags?post=46972"}],"curies":[{"name":"wp","href":"https:\/\/api.w.org\/{rel}","templated":true}]}}