{"id":4692,"date":"2015-05-06T05:00:00","date_gmt":"2015-05-06T05:00:00","guid":{"rendered":"http:\/\/plazajuarez.mx\/index\/index.php\/2015\/05\/06\/urge-espacio-para-los-charros-abrego\/"},"modified":"2015-05-06T05:00:00","modified_gmt":"2015-05-06T05:00:00","slug":"urge-espacio-para-los-charros-abrego","status":"publish","type":"post","link":"https:\/\/plazajuarez.mx\/historico\/urge-espacio-para-los-charros-abrego\/","title":{"rendered":"Urge espacio para los charros: \u00c1brego  \u00a0"},"content":{"rendered":"<ul>\n<li>Exhorta al di\u00e1logo entre Operadora de Eventos y la Asociaci\u00f3n de Charros <!--more--> <\/li>\n<\/ul>\n<p>Luego de que Jos\u00e9 Ocadiz Barraza, presidente de la Asociaci\u00f3n de Charros de Pachuca acusara a la titular de la Operadora de Eventos del Gobierno del Estado, Oralia Vega Ortiz, por supuesto abuso de autoridad en contra de integrantes del gremio, la respuesta, el pasado 27 de abril, mediante un oficio,\u00a0 fue la notificaci\u00f3n de que el Lienzo Charro pertenece al Gobierno del Estado y que, por lo tanto, es administrado por la Operadora de Eventos.<\/p>\n<p>\u00a0<\/p>\n<p>A este respecto, el diputado local de la facci\u00f3n del Partido de la Revoluci\u00f3n Democr\u00e1tica, Celestino \u00c1brego Escalante, coment\u00f3: \u201cHay dos puntos de vista, el primero de Oralia Vega, que es el econ\u00f3mico para poder subsidiar los gastos\u00a0 de los eventos,\u00a0 y que entendemos que se est\u00e1 buscando que estas instalaciones sean autosustentables y puedan cubrirse sus propias necesidades;\u00a0 por otro lado, la inquietud de la asociaci\u00f3n de charros, donde se\u00a0 sienten agraviados y luchan por tener un espacio p\u00fablico para esta\u00a0 disciplina\u00a0 que es patrimonio cultural y\u00a0 nacional\u201d.<\/p>\n<p>\u00a0<\/p>\n<p>Por lo que\u00a0 exhort\u00f3 a una mesa de di\u00e1logo en torno a este tema, \u201cEs urgente un espacio y que dialoguen las dos posturas, Pachuca es la cuna de la charrer\u00eda.\u00a0 No contamos con un lienzo charro p\u00fablico, para que toda persona que quiera incursionar en este deporte pueda practicar y ejercerlo\u201d, dijo.<\/p>\n<p>\u00a0<\/p>\n<p>Record\u00f3 que reciente mente se tuvo la reubicaci\u00f3n de la Plaza del Charro, donde a esta ciudad le quitan m\u00e1s de 20 a\u00f1os de tradici\u00f3n y costumbre,\u00a0 \u201cHoy quitar el monumento del charro y ponerlo en el lienzo no significa solo arrinconarlo, sino seguir promoviendo nuestras ra\u00edces, lejos de darle la estocada final a la charrer\u00eda, se debe dar\u00a0 impulso de manera positiva\u201d, expres\u00f3.<\/p>\n<p>\u00a0<\/p>\n<p>Finalmente, el perredista destac\u00f3 que espera que esto llegue a buen t\u00e9rmino, en caso de no ocurrir un di\u00e1logo que le permita a la charrer\u00eda tener un espacio, se estar\u00e1 en problemas, \u201cCreo que este tema ha permeado no solo en los charros de Pachuca sino en otras asociaciones que se sienten agraviadas, si hoy es aqu\u00ed, ma\u00f1ana puede ser en otro municipio y esto no contribuye en nada en el fortalecimiento de este deporte nacional\u201d, concluy\u00f3.<\/p>\n","protected":false},"excerpt":{"rendered":"<p>Exhorta al di\u00e1logo entre Operadora de Eventos y la Asociaci\u00f3n de Charros<\/p>\n","protected":false},"author":93,"featured_media":0,"comment_status":"open","ping_status":"open","sticky":false,"template":"","format":"standard","meta":{"footnotes":""},"categories":[59],"tags":[],"class_list":["post-4692","post","type-post","status-publish","format-standard","hentry","category-general"],"_links":{"self":[{"href":"https:\/\/plazajuarez.mx\/historico\/wp-json\/wp\/v2\/posts\/4692","targetHints":{"allow":["GET"]}}],"collection":[{"href":"https:\/\/plazajuarez.mx\/historico\/wp-json\/wp\/v2\/posts"}],"about":[{"href":"https:\/\/plazajuarez.mx\/historico\/wp-json\/wp\/v2\/types\/post"}],"author":[{"embeddable":true,"href":"https:\/\/plazajuarez.mx\/historico\/wp-json\/wp\/v2\/users\/93"}],"replies":[{"embeddable":true,"href":"https:\/\/plazajuarez.mx\/historico\/wp-json\/wp\/v2\/comments?post=4692"}],"version-history":[{"count":0,"href":"https:\/\/plazajuarez.mx\/historico\/wp-json\/wp\/v2\/posts\/4692\/revisions"}],"wp:attachment":[{"href":"https:\/\/plazajuarez.mx\/historico\/wp-json\/wp\/v2\/media?parent=4692"}],"wp:term":[{"taxonomy":"category","embeddable":true,"href":"https:\/\/plazajuarez.mx\/historico\/wp-json\/wp\/v2\/categories?post=4692"},{"taxonomy":"post_tag","embeddable":true,"href":"https:\/\/plazajuarez.mx\/historico\/wp-json\/wp\/v2\/tags?post=4692"}],"curies":[{"name":"wp","href":"https:\/\/api.w.org\/{rel}","templated":true}]}}