{"id":46912,"date":"2017-08-28T14:05:51","date_gmt":"2017-08-28T14:05:51","guid":{"rendered":"http:\/\/plazajuarez.mx\/index\/index.php\/2017\/08\/28\/me-equivoque-contigo-me-equivoque-a-lo-macho\/"},"modified":"2020-04-14T22:33:44","modified_gmt":"2020-04-14T22:33:44","slug":"me-equivoque-contigo-me-equivoque-a-lo-macho","status":"publish","type":"post","link":"https:\/\/plazajuarez.mx\/historico\/me-equivoque-contigo-me-equivoque-a-lo-macho\/","title":{"rendered":"\u00a1Me equivoqu\u00e9 contigo, me equivoqu\u00e9 a lo macho!"},"content":{"rendered":"<p>PULSO DEL MEZQUITAL<\/p>\n<p>  <!--more-->  <\/p>\n<p>Ya no sorprende a nadie, pero los resentidos sociales, esos que nom\u00e1s se la pasan como cuchillito de palo, criticando al Presidente Pe\u00f1a en v\u00edspera de su quinto informe de gobierno, nom\u00e1s porque apareci\u00f3 en unos videos promocionales con un estilo nivel Woody o al lado de una parrillada, porque lo bueno casi no se cuenta pero cuenta mucho, donde revela los avances contra la pobreza, el desempleo y otros problemitas cualquiera que los primermundistas tenemos.<br \/>\u00a0Pero qu\u00e9 puede uno esperar de esos que se concentran en temas fatuos, cuando hay otros problemas en serio, que s\u00ed calan al alma del mexicano, por ejemplo: la cancelaci\u00f3n de las cuentas de Facebook, Instagram, YouTube, \u00a0Spotify y hasta en Applemusic de Juli\u00f3n \u00c1lvarez, digo, eso s\u00ed es una verdadera tragedia nacional, nos privaremos de su voz, de sus pedag\u00f3gicas letras y m\u00fasica cl\u00e1sica. Como ya lo dijo \u00e9l, esos que lo critican y hasta festejan sus tragedias, es porque le tienen envidia, \u00a0pues por su esp\u00edritu emprendedor se meti\u00f3 con la mafia porque pobre ya no quiso ser, ahora tiene dinero de sobra, por costales le pagan al mes. <br \/>Hablando de errores, de esos que le causan a uno bochornos y nos abruma nom\u00e1s de pensar en el pasado, es el diputado local por el distrito de Actopan, Ernesto V\u00e1zquez Baca, quien se ha convertido en el doble de Mickey Mouse, por rata no, no sea usted mal pensado, aunque literalmente s\u00ed se disfraz\u00f3 del famoso rat\u00f3n para andar en familia, la de \u00e9l, no de los roedores. O sea, este diputado sin importarle el qu\u00e9 dir\u00e1n, aun conociendo a los resentidazos sociales, se le ocurri\u00f3 irse disfrazado de rat\u00f3n a una fiesta infantil, para despu\u00e9s subir las fotos a sus redes sociales, \u00a0presumiendo el traje que obviamente todos le festejaron, porque le qued\u00f3 que ni mandado hacer. <br \/>Pero eso no es lo que le acongoja o abruma, en realidad es un error que s\u00ed le da penita ajena, una promesa de campa\u00f1a, una que tuvo que ver con los pobres, que qui\u00e9n sabe de d\u00f3nde salen, pero pululan y eso que el Presidente Pe\u00f1a, jura que ya est\u00e1n en peligro de extinci\u00f3n. \u00a0Resulta que en d\u00edas recientes, durante un evento p\u00fablico, mujeres de Actopan lo insultaron, debido a que incumpli\u00f3 con un compromiso de campa\u00f1a, dar despensas \u00a0con productos de la canasta b\u00e1sica de calidad a muy bajo precio. <br \/>Ya en entrevista, haga de cuenta que un hilo de media, se desat\u00f3. Reconoci\u00f3 que el programa de despensas a precios bajos, fue una promesa que le hizo ganar votos, pero lamentaba mucho no poder cumplir, porque se trat\u00f3 de un error de c\u00e1lculos, por lo que decidi\u00f3 cancelarlo para mejor dar otros servicios, por ejemplo las consultas m\u00e9dicas en sus casas de atenci\u00f3n ciudadana. <br \/>Como sucede en estos casos, los resentidos sociales, esos que ni en fin de semana descansan, salieron a criticarlo al grado de los insultos, nom\u00e1s porque se le pas\u00f3 un poquito la mano en eso de sus promesas incumplidas. Pero si no le da pena vestirse en familia de rat\u00f3n, apoco cree usted que le va dar verg\u00fcenza asumir sus culpas por haber quedado mal con sus electores, penita usted que vot\u00f3 por \u00e9l, dir\u00edan por ah\u00ed.<\/p>\n<p>En corto: <br \/>\u00a0\u00a0 \u00a0<br \/>\u00a0\u00a0 \u00a0\u2022\u00a0\u00a0 \u00a0 El diputado local por el distrito de Ixmiquilpan, Cipriano Charrez Pedraza, contin\u00faa ganando terreno en El Cardonal, donde ha iniciado obras en varias localidades, dejando atr\u00e1s en materia de inversi\u00f3n al gobierno municipal. Apenas ayer, dio inicio a una obra de dos millones y medio en la comunidad de La Vega, adem\u00e1s de anunciar m\u00e1s inversiones\u2028<\/p>\n<p>S\u00edgame en twitter<br \/>@MarkoCabanas<\/p>\n<p>Mi correo<br \/>markorey2013@gmail.com<\/p>\n<p><\/p>\n","protected":false},"excerpt":{"rendered":"<p>PULSO DEL MEZQUITAL<\/p>\n","protected":false},"author":75,"featured_media":0,"comment_status":"open","ping_status":"open","sticky":false,"template":"","format":"standard","meta":{"footnotes":""},"categories":[87,42],"tags":[],"class_list":["post-46912","post","type-post","status-publish","format-standard","hentry","category-marco-cabanas","category-nuestrapalabra"],"_links":{"self":[{"href":"https:\/\/plazajuarez.mx\/historico\/wp-json\/wp\/v2\/posts\/46912","targetHints":{"allow":["GET"]}}],"collection":[{"href":"https:\/\/plazajuarez.mx\/historico\/wp-json\/wp\/v2\/posts"}],"about":[{"href":"https:\/\/plazajuarez.mx\/historico\/wp-json\/wp\/v2\/types\/post"}],"author":[{"embeddable":true,"href":"https:\/\/plazajuarez.mx\/historico\/wp-json\/wp\/v2\/users\/75"}],"replies":[{"embeddable":true,"href":"https:\/\/plazajuarez.mx\/historico\/wp-json\/wp\/v2\/comments?post=46912"}],"version-history":[{"count":0,"href":"https:\/\/plazajuarez.mx\/historico\/wp-json\/wp\/v2\/posts\/46912\/revisions"}],"wp:attachment":[{"href":"https:\/\/plazajuarez.mx\/historico\/wp-json\/wp\/v2\/media?parent=46912"}],"wp:term":[{"taxonomy":"category","embeddable":true,"href":"https:\/\/plazajuarez.mx\/historico\/wp-json\/wp\/v2\/categories?post=46912"},{"taxonomy":"post_tag","embeddable":true,"href":"https:\/\/plazajuarez.mx\/historico\/wp-json\/wp\/v2\/tags?post=46912"}],"curies":[{"name":"wp","href":"https:\/\/api.w.org\/{rel}","templated":true}]}}