{"id":46911,"date":"2017-08-28T14:05:38","date_gmt":"2017-08-28T14:05:38","guid":{"rendered":"http:\/\/plazajuarez.mx\/index\/index.php\/2017\/08\/28\/dese-por-enterado-259\/"},"modified":"2020-04-14T19:07:56","modified_gmt":"2020-04-14T19:07:56","slug":"dese-por-enterado-259","status":"publish","type":"post","link":"https:\/\/plazajuarez.mx\/historico\/dese-por-enterado-259\/","title":{"rendered":"DESE POR ENTERADO"},"content":{"rendered":"<p>MARISOL VARGAS.- Algo grave sucede en los pol\u00edticos cuya voracidad no tiene l\u00edmites, cuando se trata de intentar eternizarse en los cargos de representaci\u00f3n popular. De otro modo no se entienden acciones tan rupestres para buscar congraciarse con sus electores que saben, vaya que lo saben, de su absoluta falta de trabajo en el cargo que hoy mismo ostentan (diputados federales), pero que buscan mostrar como argumento en la ambici\u00f3n que ahora los mueve: llegar al Senado de la Rep\u00fablica. Y por eso la legisladora federal de Acci\u00f3n Nacional, Marisol Vargas, mand\u00f3 tapizar las calles pachuque\u00f1as con un pend\u00f3n donde se ve su nombre, su fotograf\u00eda y un eslogan de propaganda que dice: \u201cAprobamos para Hidalgo m\u00e1s de $450 millones de pesos\u201d, con motivo de su Segundo Informe Legislativo. No es, por supuesto, el \u00fanico caso. Dan pena ajena, pero el hecho es que los veremos pasar de curul en curul, con salarios estratosf\u00e9ricos y la interrogante constante de la ciudadan\u00eda, \u201c\u00bfPara qu\u00e9 demonios sirve un diputad@ de esta cala\u00f1a?\u201d.<\/p>\n<p>  <!--more-->  <\/p>\n<p>\u00a0\u00a0 \u00a0\u00a0\u00a0 \u00a0\u00a0\u00a0 \u00a0\u00a0\u00a0 \u00a0\u00a0\u00a0 \u00a0***<\/p>\n<p>LEER EL CARRE\u00d1O.- Falta les hizo leer a quienes tienen en su poder los destinos de la Universidad Aut\u00f3noma del Estado de Hidalgo, el famoso \u201cManual de Carre\u00f1o\u201d, porque de otro modo no se explica la carencia de toda urbanidad y buenas maneras para con la secretaria de Educaci\u00f3n P\u00fablica del Estado, Sayonara Vargas, quien acudi\u00f3 a la inauguraci\u00f3n de la Feria del Libro Universitario, en representaci\u00f3n del gobernador, Omar Fayad Meneses. Una cosa es una cosa, y otra cosa es otra cosa. Fueron simplemente mal educados y la orden que recibieron parece haber sido: \u201cno la tomen en cuenta, menos en las notas en nuestro medio oficial, porque no existe\u201d. Algo pasa con el mandam\u00e1s de la UAEH que hasta las buenas maneras ha perdido, algo grave que lo lleva a cometer majader\u00edas que antes simplemente no permit\u00eda por ser un pol\u00edtico de experiencia. <\/p>\n<p>\u00a0\u00a0 \u00a0\u00a0\u00a0 \u00a0\u00a0\u00a0 \u00a0\u00a0\u00a0 \u00a0\u00a0\u00a0 \u00a0***<\/p>\n<p>RA\u00daL CAMACHO BA\u00d1OS.- El presidente municipal de Mineral de la Reforma, decidi\u00f3 que un libro de 69 p\u00e1ginas es la mejor forma de meterse por la fuerza a la historia, tanto que el texto se titula, \u201cAcciones que cambian la Historia\u201d. Apenas a un a\u00f1o de asumir el cargo, resulta hasta preocupante que no pocos ediles den por hecho que su trabajo es \u00fanico, parte de la epopeya de un pueblo, y por lo mismo merecen ser inmortalizados en la memoria colectiva. Como siempre la falta de preparaci\u00f3n en todos sentidos, lleva a la certeza de que nacieron para la inmortalidad. \u00a1Vaya cosas que debemos ver en estos tiempos!<\/p>\n<p>\u00a0\u00a0 \u00a0\u00a0\u00a0 \u00a0\u00a0\u00a0 \u00a0\u00a0\u00a0 \u00a0\u00a0\u00a0 \u00a0***<\/p>\n<p>GUILLERMINA V\u00c1ZQUEZ BEN\u00cdTEZ.- La presidenta consejera del Instituto Estatal Electoral de Hidalgo, mantiene su actitud de cerraz\u00f3n ante los medios informativos de la entidad, con excepci\u00f3n de uno al que favoreci\u00f3 abiertamente en materia de convenios publicitarios que utiliza con singular alegr\u00eda para enviar mensajes de felicitaci\u00f3n con motivo de cumplea\u00f1os, onom\u00e1sticos y otros asuntos que simplemente buscan hacerla quedar bien. Catalogada como una mujer preparada en todos sentidos, ha empezado a errar el camino desde hace varios meses, sin que alguien le diga que las arbitrariedades no conducen a ning\u00fan lado.<\/p>\n<p>\u00a0\u00a0 \u00a0\u00a0\u00a0 \u00a0\u00a0\u00a0 \u00a0\u00a0\u00a0 \u00a0\u00a0\u00a0 \u00a0***<\/p>\n<p>Por hoy, usted puede \u00a0DARSE POR ENTERADO<\/p>\n<p>desexenterado@gmail.com<br \/>@desexenterado<\/p>\n<p><\/p>\n","protected":false},"excerpt":{"rendered":"<p>MARISOL VARGAS.- Algo grave sucede en los pol\u00edticos cuya voracidad no tiene l\u00edmites, cuando se trata de intentar eternizarse en los cargos de representaci\u00f3n popular. De otro modo no se entienden acciones tan rupestres para buscar congraciarse con sus electores que saben, vaya que lo saben, de su absoluta falta de trabajo en el cargo [&hellip;]<\/p>\n","protected":false},"author":93,"featured_media":0,"comment_status":"open","ping_status":"open","sticky":false,"template":"","format":"standard","meta":{"footnotes":""},"categories":[83,42],"tags":[66],"class_list":["post-46911","post","type-post","status-publish","format-standard","hentry","category-dese-por-enterado","category-nuestrapalabra","tag-dese"],"_links":{"self":[{"href":"https:\/\/plazajuarez.mx\/historico\/wp-json\/wp\/v2\/posts\/46911","targetHints":{"allow":["GET"]}}],"collection":[{"href":"https:\/\/plazajuarez.mx\/historico\/wp-json\/wp\/v2\/posts"}],"about":[{"href":"https:\/\/plazajuarez.mx\/historico\/wp-json\/wp\/v2\/types\/post"}],"author":[{"embeddable":true,"href":"https:\/\/plazajuarez.mx\/historico\/wp-json\/wp\/v2\/users\/93"}],"replies":[{"embeddable":true,"href":"https:\/\/plazajuarez.mx\/historico\/wp-json\/wp\/v2\/comments?post=46911"}],"version-history":[{"count":0,"href":"https:\/\/plazajuarez.mx\/historico\/wp-json\/wp\/v2\/posts\/46911\/revisions"}],"wp:attachment":[{"href":"https:\/\/plazajuarez.mx\/historico\/wp-json\/wp\/v2\/media?parent=46911"}],"wp:term":[{"taxonomy":"category","embeddable":true,"href":"https:\/\/plazajuarez.mx\/historico\/wp-json\/wp\/v2\/categories?post=46911"},{"taxonomy":"post_tag","embeddable":true,"href":"https:\/\/plazajuarez.mx\/historico\/wp-json\/wp\/v2\/tags?post=46911"}],"curies":[{"name":"wp","href":"https:\/\/api.w.org\/{rel}","templated":true}]}}