{"id":46909,"date":"2017-08-28T14:00:11","date_gmt":"2017-08-28T14:00:11","guid":{"rendered":"http:\/\/plazajuarez.mx\/index\/index.php\/2017\/08\/28\/gano-la-ciudad-de-mexico\/"},"modified":"2017-08-28T14:00:11","modified_gmt":"2017-08-28T14:00:11","slug":"gano-la-ciudad-de-mexico","status":"publish","type":"post","link":"https:\/\/plazajuarez.mx\/historico\/gano-la-ciudad-de-mexico\/","title":{"rendered":"Gan\u00f3 la Ciudad de M\u00e9xico"},"content":{"rendered":"<p>Submarino Pol\u00edtico<br \/>\u00a0\u00a0 \u00a0\u2022\u00a0\u00a0 \u00a0Respecto a la sucesi\u00f3n en el Antiguo Palacio del Ayuntamiento en 2018, el grueso de las encuestas y de las opiniones publicadas en medios y redes sociales, coinciden en que el partido Morena ganar\u00e1 las elecciones con un amplio margen sobre el decadente PRD\u2028<\/p>\n<p>  <!--more-->  <\/p>\n<p>ANDR\u00c9S MANUEL L\u00f3pez Obrador pas\u00f3 de la &#8220;rebeli\u00f3n en la granja&#8221; al &#8220;big brother&#8221; y en una encuesta, su orwelliano dedito eligi\u00f3 a Claudia Sheinbaum como candidata para jefa de gobierno de la Ciudad de M\u00e9xico.<br \/>Porque respecto a la sucesi\u00f3n en el Antiguo Palacio del Ayuntamiento en 2018, el grueso de las encuestas y de las opiniones publicadas en medios y redes sociales, coinciden en que el partido Morena ganar\u00e1 las elecciones con un amplio margen sobre el decadente PRD.<br \/>Imposible confirmar que el m\u00e9todo de selecci\u00f3n haya sido una encuesta sin antes ver los elementos que la configuran como eso, un estudio de opini\u00f3n. Hasta el momento, el m\u00e9todo es cuestionado, no tanto el resultado. La reacci\u00f3n de opiniones confirma que una amplia mayor\u00eda en la izquierda, sin partido, fueron a favor de que sea Claudia Sheinbaum la candidata. Desde afuera, los cr\u00edticos se\u00f1alan su cercan\u00eda pol\u00edtica con L\u00f3pez Obrador como una se\u00f1al de sumisi\u00f3n ante los designios del caudillo populista, mientras que al interior del movimiento lo traducen como se\u00f1al de confianza del l\u00edder, al encomendar batallas estrat\u00e9gicas en nombre de una causa mayor: &#8220;el ed\u00e9n republicano&#8221;.<br \/>As\u00ed fue entre 2000 y 2006, mientras AMLO constru\u00eda su candidatura presidencial, Claudia echaba adobes en el distribuidor vial San Antonio, obra tambi\u00e9n conocida como &#8220;los segundos pisos&#8221;, donde su principal herramienta fue el di\u00e1logo entre el gobierno y las empresas constructoras. Tambi\u00e9n hubo di\u00e1logo y negociaci\u00f3n intensa con los vecinos de toda la zona que se vio afectada con las obras. Sorte\u00f3 las campa\u00f1as medi\u00e1ticas que se opon\u00edan a la obra no por su viabilidad urbana, sino por quien la impulsaba: L\u00f3pez Obrador, entonces presidenciable. Y, dato muy importante, porque ser\u00eda sin costo de peaje. Algo inaudito para el capitalismo depredador.<br \/>Claudia Sheinbaum ha sido una servidora p\u00fablica eficiente, alejada de los esc\u00e1ndalos. Los segundos pisos construidos durante la administraci\u00f3n de AMLO han dado servicio a la ciudad por m\u00e1s de 10 a\u00f1os sin fallas mayores, registro que es de reconocimiento en tiempos de socavones y ca\u00edda de cimbras en el Perif\u00e9rico. <br \/>La delegada en Tlalpan no fue coptada por el gobierno central; al contrario, se ali\u00f3 con la delegada azul en Miguel Hidalgo, X\u00f3chitl G\u00e1lvez, para exigir que la Secretar\u00eda de Finanzas de la Ciudad de M\u00e9xico liberara recursos para obra p\u00fablica, atorados por selectivas trabas. En esa batalla, Mon-<br \/>real estaba del lado de Mancera. Ah\u00ed fue el rompimiento entre Monreal y Morena.<br \/>Periscopio. Al estilo del editorial en cuatro palabras del c\u00e9lebre cronista deportivo Fernando Marcos: &#8220;Pudo haber sido peor&#8221;, as\u00ed trin\u00f3 (respecto a la virtual nominaci\u00f3n de Claudia Sheinbaum), el talentoso escritor Bernardo Fern\u00e1ndez, (@monorama). El tambi\u00e9n dibujante es vecino de la capital en una de las muchas colonias donde se vive la vida de barrio sin necesidad de recurrir a lo hipster. En su novela &#8220;Cuello blanco&#8221; (Grijalbo, 2013), Bef se anticipa a temas hoy en boga: el \u2018lavado\u2019 de dinero, producto de la venta de drogas y la violencia en la Ciudad de M\u00e9xico. Este \u00faltimo, lamentablemente ya es parte del paisaje cotidiano en la ventana de nuestros tel\u00e9fonos m\u00f3viles, sin tener respuestas de la autoridad m\u00e1s all\u00e1 de los &#8220;operativos&#8221; y retenes, que son breves \u2018cortinas de humo\u2019 que no atienden la situaci\u00f3n de fondo.<br \/>En el radar. Los m\u00e1s felices con la derrota de Monreal en la interna de Morena fueron los propios habitantes de la delegaci\u00f3n Cuauht\u00e9moc, por mucho, el peor jefe delegacional que han visto pasar en casi 20 a\u00f1os; recordemos el bochorno de quitar los conos en la filmaci\u00f3n de Alfonso Cuar\u00f3n. Y as\u00ed, Monreal tiene la delegaci\u00f3n Cuauht\u00e9moc hecha un socav\u00f3n m\u00faltiple. Intransitable. <br \/>Bit\u00e1cora de lo absurdo. Dudas que persisten respecto a L\u00f3pez Obrador: \u00bfQui\u00e9n pomp\u00f3, qui\u00e9n pomp\u00f3? \u00bfQui\u00e9n pomp\u00f3 encuestita, qui\u00e9n pomp\u00f3? Y respecto a Ricardo Monreal, tambi\u00e9n una leg\u00edtima y pertinente duda: \u00bfQui\u00e9n pomp\u00f3, qui\u00e9n pomp\u00f3? \u00bfQui\u00e9n pomp\u00f3 campa\u00f1ita, qui\u00e9n pomp\u00f3? <br \/>t@LeoAgusto<\/p>\n","protected":false},"excerpt":{"rendered":"<p>Submarino Pol\u00edtico\u00a0\u00a0 \u00a0\u2022\u00a0\u00a0 \u00a0Respecto a la sucesi\u00f3n en el Antiguo Palacio del Ayuntamiento en 2018, el grueso de las encuestas y de las opiniones publicadas en medios y redes sociales, coinciden en que el partido Morena ganar\u00e1 las elecciones con un amplio margen sobre el decadente PRD\u2028<\/p>\n","protected":false},"author":93,"featured_media":0,"comment_status":"open","ping_status":"open","sticky":false,"template":"","format":"standard","meta":{"footnotes":""},"categories":[42],"tags":[],"class_list":["post-46909","post","type-post","status-publish","format-standard","hentry","category-nuestrapalabra"],"_links":{"self":[{"href":"https:\/\/plazajuarez.mx\/historico\/wp-json\/wp\/v2\/posts\/46909","targetHints":{"allow":["GET"]}}],"collection":[{"href":"https:\/\/plazajuarez.mx\/historico\/wp-json\/wp\/v2\/posts"}],"about":[{"href":"https:\/\/plazajuarez.mx\/historico\/wp-json\/wp\/v2\/types\/post"}],"author":[{"embeddable":true,"href":"https:\/\/plazajuarez.mx\/historico\/wp-json\/wp\/v2\/users\/93"}],"replies":[{"embeddable":true,"href":"https:\/\/plazajuarez.mx\/historico\/wp-json\/wp\/v2\/comments?post=46909"}],"version-history":[{"count":0,"href":"https:\/\/plazajuarez.mx\/historico\/wp-json\/wp\/v2\/posts\/46909\/revisions"}],"wp:attachment":[{"href":"https:\/\/plazajuarez.mx\/historico\/wp-json\/wp\/v2\/media?parent=46909"}],"wp:term":[{"taxonomy":"category","embeddable":true,"href":"https:\/\/plazajuarez.mx\/historico\/wp-json\/wp\/v2\/categories?post=46909"},{"taxonomy":"post_tag","embeddable":true,"href":"https:\/\/plazajuarez.mx\/historico\/wp-json\/wp\/v2\/tags?post=46909"}],"curies":[{"name":"wp","href":"https:\/\/api.w.org\/{rel}","templated":true}]}}