{"id":46869,"date":"2017-08-27T14:07:33","date_gmt":"2017-08-27T14:07:33","guid":{"rendered":"http:\/\/plazajuarez.mx\/index\/index.php\/2017\/08\/27\/antonio-mota-se-involucro-en-el-tema-de-los-parquimetros\/"},"modified":"2017-08-27T14:07:33","modified_gmt":"2017-08-27T14:07:33","slug":"antonio-mota-se-involucro-en-el-tema-de-los-parquimetros","status":"publish","type":"post","link":"https:\/\/plazajuarez.mx\/historico\/antonio-mota-se-involucro-en-el-tema-de-los-parquimetros\/","title":{"rendered":"ANTONIO MOTA SE INVOLUCR\u00d3 EN EL TEMA DE LOS PARQU\u00cdMETROS"},"content":{"rendered":"<p>Antonio Mota Rojas, ex candidato independiente para diputado federal y actual director de Servicio Social, Pr\u00e1cticas Profesionales y vinculaci\u00f3n laboral de la Universidad Aut\u00f3noma del Estado de Hidalgo (UAEH), se\u00f1al\u00f3 ante los medios de comunicaci\u00f3n, que se involucrar\u00e1 con un equipo jur\u00eddico en el tema de los parqu\u00edmetros en Pachuca.<\/p>\n<p>  <!--more-->  <\/p>\n<p>Mota Rojas, asegur\u00f3 que ir\u00eda a presidencia municipal, a entregar un documento en el que le hac\u00eda ver a la alcaldesa Yolanda Teller\u00eda Beltr\u00e1n, diversas formas en las que se podr\u00eda echar abajo el contrato de los parqu\u00edmetros en Pachuca. \u201cEn este momento voy a ir a la presidencia municipal a entregar un oficio dirigido a Yolanda Teller\u00eda Beltr\u00e1n, en ese documento le voy a presentar qu\u00e9 acciones pueden realizarse para echar abajo el contrato\u201d.<br \/>Tambi\u00e9n, asever\u00f3 que la ciudadan\u00eda tiene el derecho de protestar, y sentenci\u00f3 que el ayuntamiento no est\u00e1 informando como se debe. <\/p>\n","protected":false},"excerpt":{"rendered":"<p>Antonio Mota Rojas, ex candidato independiente para diputado federal y actual director de Servicio Social, Pr\u00e1cticas Profesionales y vinculaci\u00f3n laboral de la Universidad Aut\u00f3noma del Estado de Hidalgo (UAEH), se\u00f1al\u00f3 ante los medios de comunicaci\u00f3n, que se involucrar\u00e1 con un equipo jur\u00eddico en el tema de los parqu\u00edmetros en Pachuca.<\/p>\n","protected":false},"author":93,"featured_media":0,"comment_status":"open","ping_status":"open","sticky":false,"template":"","format":"standard","meta":{"footnotes":""},"categories":[59],"tags":[],"class_list":["post-46869","post","type-post","status-publish","format-standard","hentry","category-general"],"_links":{"self":[{"href":"https:\/\/plazajuarez.mx\/historico\/wp-json\/wp\/v2\/posts\/46869","targetHints":{"allow":["GET"]}}],"collection":[{"href":"https:\/\/plazajuarez.mx\/historico\/wp-json\/wp\/v2\/posts"}],"about":[{"href":"https:\/\/plazajuarez.mx\/historico\/wp-json\/wp\/v2\/types\/post"}],"author":[{"embeddable":true,"href":"https:\/\/plazajuarez.mx\/historico\/wp-json\/wp\/v2\/users\/93"}],"replies":[{"embeddable":true,"href":"https:\/\/plazajuarez.mx\/historico\/wp-json\/wp\/v2\/comments?post=46869"}],"version-history":[{"count":0,"href":"https:\/\/plazajuarez.mx\/historico\/wp-json\/wp\/v2\/posts\/46869\/revisions"}],"wp:attachment":[{"href":"https:\/\/plazajuarez.mx\/historico\/wp-json\/wp\/v2\/media?parent=46869"}],"wp:term":[{"taxonomy":"category","embeddable":true,"href":"https:\/\/plazajuarez.mx\/historico\/wp-json\/wp\/v2\/categories?post=46869"},{"taxonomy":"post_tag","embeddable":true,"href":"https:\/\/plazajuarez.mx\/historico\/wp-json\/wp\/v2\/tags?post=46869"}],"curies":[{"name":"wp","href":"https:\/\/api.w.org\/{rel}","templated":true}]}}