{"id":46669,"date":"2017-08-23T12:06:19","date_gmt":"2017-08-23T12:06:19","guid":{"rendered":"http:\/\/plazajuarez.mx\/index\/index.php\/2017\/08\/23\/inician-la-entrega-de-paquetes-de-utiles-escolares\/"},"modified":"2017-08-23T12:06:19","modified_gmt":"2017-08-23T12:06:19","slug":"inician-la-entrega-de-paquetes-de-utiles-escolares","status":"publish","type":"post","link":"https:\/\/plazajuarez.mx\/historico\/inician-la-entrega-de-paquetes-de-utiles-escolares\/","title":{"rendered":"Inician la entrega de paquetes de \u00fatiles escolares"},"content":{"rendered":"<p>PAPELEROS <br \/>Los papeleros participantes en el programa contar\u00e1n con 4 semanas para entregar los paquetes de \u00fatiles escolares en todo el estado<\/p>\n<p>  <!--more-->  <\/p>\n<p>El pasado lunes dio inicio el ciclo escolar 2017-2018, mediante el cual la Secretar\u00eda de Educaci\u00f3n P\u00fablica de Hidalgo (SEPH), y la C\u00e1mara Nacional de Comercio, Servicios y Turismo (Canaco-Servytur) de Pachuca, realizar\u00e1n la entrega de los paquetes de \u00fatiles escolares. <br \/>Al respecto, el presidente de Canaco-Servytur Pachuca, Juan Jes\u00fas Bravo Aguilera, dijo que los papeleros que se inscribieron, repartir\u00e1n un total de 212 mil 354 paquetes de \u00fatiles escolares, por los que recibir\u00e1n una ganancia del 18 por ciento del precio del paquete, equivalente a un total de 5 millones 900 mil pesos.<br \/>\u201cSe trata de due\u00f1os de papeler\u00edas formalmente establecidas, es decir, dadas de alta ante el Servicio de Administraci\u00f3n Tributaria (SAT)\u201d, mencion\u00f3.<br \/>Asimismo se\u00f1al\u00f3 que tanto la SEPH como los papeleros participantes en el programa contar\u00e1n con 4 semanas para entregar los paquetes de \u00fatiles escolares en todo el estado.<br \/>\u201cLos papeleros llevar\u00e1n hasta los planteles escolares dichos paquetes, y no como se hab\u00eda establecido inicialmente, de que los padres acudir\u00edan a las papeler\u00edas a recogerlos, esto es un cambio que obedece, al prop\u00f3sito de facilitar a los padres de familia el recibir estos art\u00edculos escolares, que ir\u00e1n dentro de una mochila\u201d, recalc\u00f3 el empresario.<br \/>Bravo Aguilera explic\u00f3 que los 345 papeleros participantes acudir\u00e1n a los almacenes de acopio en los municipios de Tulancingo, Tizayuca, Tepeapulco, Tula, Huejutla, Ixmiquilpan y Actopan a recoger los paquetes, los ocho municipios m\u00e1s grandes del Estado. <br \/>Para ello, detall\u00f3 que se capacit\u00f3 previamente a los due\u00f1os de papeler\u00edas participantes sobre la mec\u00e1nica de participaci\u00f3n, recepci\u00f3n y entrega oportuna de dichos paquetes escolares.<\/p>\n","protected":false},"excerpt":{"rendered":"<p>PAPELEROS Los papeleros participantes en el programa contar\u00e1n con 4 semanas para entregar los paquetes de \u00fatiles escolares en todo el estado<\/p>\n","protected":false},"author":93,"featured_media":0,"comment_status":"open","ping_status":"open","sticky":false,"template":"","format":"standard","meta":{"footnotes":""},"categories":[59],"tags":[],"class_list":["post-46669","post","type-post","status-publish","format-standard","hentry","category-general"],"_links":{"self":[{"href":"https:\/\/plazajuarez.mx\/historico\/wp-json\/wp\/v2\/posts\/46669","targetHints":{"allow":["GET"]}}],"collection":[{"href":"https:\/\/plazajuarez.mx\/historico\/wp-json\/wp\/v2\/posts"}],"about":[{"href":"https:\/\/plazajuarez.mx\/historico\/wp-json\/wp\/v2\/types\/post"}],"author":[{"embeddable":true,"href":"https:\/\/plazajuarez.mx\/historico\/wp-json\/wp\/v2\/users\/93"}],"replies":[{"embeddable":true,"href":"https:\/\/plazajuarez.mx\/historico\/wp-json\/wp\/v2\/comments?post=46669"}],"version-history":[{"count":0,"href":"https:\/\/plazajuarez.mx\/historico\/wp-json\/wp\/v2\/posts\/46669\/revisions"}],"wp:attachment":[{"href":"https:\/\/plazajuarez.mx\/historico\/wp-json\/wp\/v2\/media?parent=46669"}],"wp:term":[{"taxonomy":"category","embeddable":true,"href":"https:\/\/plazajuarez.mx\/historico\/wp-json\/wp\/v2\/categories?post=46669"},{"taxonomy":"post_tag","embeddable":true,"href":"https:\/\/plazajuarez.mx\/historico\/wp-json\/wp\/v2\/tags?post=46669"}],"curies":[{"name":"wp","href":"https:\/\/api.w.org\/{rel}","templated":true}]}}