{"id":46667,"date":"2017-08-23T12:05:29","date_gmt":"2017-08-23T12:05:29","guid":{"rendered":"http:\/\/plazajuarez.mx\/index\/index.php\/2017\/08\/23\/retratos-hablados-439\/"},"modified":"2017-08-23T12:05:29","modified_gmt":"2017-08-23T12:05:29","slug":"retratos-hablados-439","status":"publish","type":"post","link":"https:\/\/plazajuarez.mx\/historico\/retratos-hablados-439\/","title":{"rendered":"RETRATOS HABLADOS"},"content":{"rendered":"<p>\u00a0\u00a0\u00a0 \u2022\u00a0\u00a0 \u00a0Cumbre hemisf\u00e9rica de alcaldes\u2028<br \/>\u00a0\u00a0 \u00a0\u2022\u00a0\u00a0 \u00a0El di\u00e1logo y la negociaci\u00f3n\u2028<\/p>\n<p>  <!--more-->  <\/p>\n<p>LA XI CUMBRE HEMISF\u00c9RICA DE ALCALDES que hoy empieza en la capital del estado, es un evento que merece una amplia interpretaci\u00f3n, al posicionar a la entidad como un territorio que ofrece las posibilidades del di\u00e1logo y el entendimiento.<br \/>\u00a0\u00a0 \u00a0El gobernador, Omar Fayad Meneses, se presenta como un mandatario con la capacidad de atraer a Hidalgo eventos de este nivel, y de este modo mantener la posibilidad de proyectar a la entidad como un lugar seguro para la inversi\u00f3n internacional.<br \/>\u00a0\u00a0 \u00a0Participan representantes de 24 pa\u00edses del hemisferio con la representaci\u00f3n de 625 millones de ciudadanos, y alcaldes y concejales de 16 mil 360 municipios latinoamericanos.<br \/>\u00a0\u00a0 \u00a0Merece pues la atenci\u00f3n este evento cumbre, que en muchos sentidos permitir\u00e1 a mandatario hidalguense consolidar lo que ya es pr\u00e1cticamente su primer a\u00f1o de gobierno.<br \/>ASUNTOS DE DI\u00c1LOGO.- Una de las caracter\u00edsticas fundamentales del buen ejercicio de la pol\u00edtica, es lograr entendimientos a partir de la negociaci\u00f3n y el di\u00e1logo. Mala se\u00f1al cuando se recurre al enfrentamiento como primera acci\u00f3n de presi\u00f3n, sin agotar antes las amplias posibilidades que ofrece el camino de la diplomacia.<br \/>\u00a0\u00a0 \u00a0Por muchas razones es bueno que el conflicto entre el gobierno de la entidad y la Universidad Aut\u00f3noma del Estado de Hidalgo haya llegado, al menos por el momento, a un punto de equilibrio, en el que no puede ni debe haber ganadores o perdedores, aunque el rector Adolfo Pontigo, ha insistido ante la comunidad universitaria que solito gan\u00f3 la partida.<br \/>\u00a0\u00a0 \u00a0Si es su gusto colocarse como boxeador victorioso, muy su punto de vista, aunque todos saben a estas alturas la realidad de una rector\u00eda tan acortada por el poder real en la instituci\u00f3n educativa.<br \/>\u00a0\u00a0 \u00a0Sin embargo hay elementos para observar un manejo todav\u00eda pol\u00edtico por parte del presidente del Patronato Universitario, Gerardo Sosa Castel\u00e1n, y esto en muchos sentidos debiera tranquilizar a toda la sociedad hidalguense, porque los radicalismos solo conducen a caminos sin salida.<br \/>\u00a0\u00a0 \u00a0El asunto por supuesto que de ninguna manera puede considerarse concluido de manera total y absoluta, y sin duda seremos testigos de nuevos anuncios de que la comunidad universitaria saldr\u00e1 a manifestarse por este o aqu\u00e9l motivo, con el objetivo sustancial de mostrar fuerza para buscar negociar. Y si anotamos la palabra NEGOCIAR es un aspecto de vital importancia.<br \/>\u00a0\u00a0 \u00a0Con todo, las cosas a\u00fan pueden ser arregladas a trav\u00e9s del di\u00e1logo, pese a que algunos personajes que se presum\u00edan de nivel acad\u00e9mico importante como el Secretario Acad\u00e9mico del Instituto de Ciencias Sociales y Humanidades (ICSUH), Ariel Vite, recibi\u00f3 el encargo de tundirle al compa\u00f1ero periodista Alberto Witvrun en un texto elaborado por encargo, acci\u00f3n que coloca al funcionario universitario en un nivel lamentable en cuanto a verticalidad intelectual.<\/p>\n<p>Mil gracias, hasta ma\u00f1ana.<\/p>\n<p>jeperalta@plazajuarez.mx\/historico\/historico<br \/>@JavierEPeralta<\/p>\n<p>CITA:<br \/>Participan representantes de 24 pa\u00edses del hemisferio con la representaci\u00f3n de 625 millones de ciudadanos, y alcaldes y concejales de 16 mil 360 municipios latinoamericanos.<br \/>\u00a0\u00a0 \u00a0Merece pues la atenci\u00f3n este evento cumbre, que en muchos sentidos permitir\u00e1 a mandatario hidalguense consolidar lo que ya es pr\u00e1cticamente su primer a\u00f1o de gobierno.<\/p>\n","protected":false},"excerpt":{"rendered":"<p>\u00a0\u00a0\u00a0 \u2022\u00a0\u00a0 \u00a0Cumbre hemisf\u00e9rica de alcaldes\u2028\u00a0\u00a0 \u00a0\u2022\u00a0\u00a0 \u00a0El di\u00e1logo y la negociaci\u00f3n\u2028<\/p>\n","protected":false},"author":93,"featured_media":0,"comment_status":"open","ping_status":"open","sticky":false,"template":"","format":"standard","meta":{"footnotes":""},"categories":[42],"tags":[],"class_list":["post-46667","post","type-post","status-publish","format-standard","hentry","category-nuestrapalabra"],"_links":{"self":[{"href":"https:\/\/plazajuarez.mx\/historico\/wp-json\/wp\/v2\/posts\/46667","targetHints":{"allow":["GET"]}}],"collection":[{"href":"https:\/\/plazajuarez.mx\/historico\/wp-json\/wp\/v2\/posts"}],"about":[{"href":"https:\/\/plazajuarez.mx\/historico\/wp-json\/wp\/v2\/types\/post"}],"author":[{"embeddable":true,"href":"https:\/\/plazajuarez.mx\/historico\/wp-json\/wp\/v2\/users\/93"}],"replies":[{"embeddable":true,"href":"https:\/\/plazajuarez.mx\/historico\/wp-json\/wp\/v2\/comments?post=46667"}],"version-history":[{"count":0,"href":"https:\/\/plazajuarez.mx\/historico\/wp-json\/wp\/v2\/posts\/46667\/revisions"}],"wp:attachment":[{"href":"https:\/\/plazajuarez.mx\/historico\/wp-json\/wp\/v2\/media?parent=46667"}],"wp:term":[{"taxonomy":"category","embeddable":true,"href":"https:\/\/plazajuarez.mx\/historico\/wp-json\/wp\/v2\/categories?post=46667"},{"taxonomy":"post_tag","embeddable":true,"href":"https:\/\/plazajuarez.mx\/historico\/wp-json\/wp\/v2\/tags?post=46667"}],"curies":[{"name":"wp","href":"https:\/\/api.w.org\/{rel}","templated":true}]}}