{"id":46666,"date":"2017-08-23T12:04:58","date_gmt":"2017-08-23T12:04:58","guid":{"rendered":"http:\/\/plazajuarez.mx\/index\/index.php\/2017\/08\/23\/dese-por-enterado-256\/"},"modified":"2020-04-14T19:07:57","modified_gmt":"2020-04-14T19:07:57","slug":"dese-por-enterado-256","status":"publish","type":"post","link":"https:\/\/plazajuarez.mx\/historico\/dese-por-enterado-256\/","title":{"rendered":"DESE POR ENTERADO"},"content":{"rendered":"<p>ANTORCHA, RENOVAR TRETAS.- No, de plano las viejas tretas con las que lograban sacarle muchos, pero muchos millones de pesos al gobierno del estado para sus muy particulares Planes de Desarrollo ya no les funcionan a los chantajistas de Antorcha Campesina, que tendr\u00e1n que reunirse para estudiar a fondo nuevas formas para alcanzar sus objetivos. Por supuesto que con la ceremonia del Grito de Independencia el 15 de septiembre, nada mejor para aposesionarse de la Plaza Ju\u00e1rez y jurar que nadie los sacar\u00e1 hasta que se caigan con la lana. Por el bien de todos no debe permitirse que estos vividores sigan haciendo de las suyas, con el lucro descarado de la necesidad de las clases m\u00e1s necesitadas.<\/p>\n<p>  <!--more-->  <\/p>\n<p>\u00a0\u00a0 \u00a0\u00a0\u00a0 \u00a0\u00a0\u00a0 \u00a0\u00a0\u00a0 \u00a0\u00a0\u00a0 \u00a0***<\/p>\n<p>NABOR ROJAS Y JULIO MENCHACA.- El primero, puedo adelant\u00e1rselo, ser\u00e1 candidato a diputado federal por MORENA, y el segundo est\u00e1 a punto de lograrlo tambi\u00e9n, con la posibilidad de ser nominado al Senado de la Rep\u00fablica. Ambos dos (dir\u00eda el cl\u00e1sico) echados del tricolor, pero con una capacidad que no est\u00e1 sujeta a discusi\u00f3n de ning\u00fan tipo. Sin duda merecen jugar en las grandes lides de la pol\u00edtica, porque en mucho contribuir\u00edan al desarrollo de la entidad.<\/p>\n<p>\u00a0\u00a0 \u00a0\u00a0\u00a0 \u00a0\u00a0\u00a0 \u00a0\u00a0\u00a0 \u00a0\u00a0\u00a0 \u00a0***<\/p>\n<p>HECHO EN PACHUCA.- De manera poco comedida, la alcaldesa Yoli Teller\u00eda, pidi\u00f3 a los reporteros que cubr\u00edan el evento, no abundar acerca de un tema tan molesto y poco atractivo como el de los baches, porque evidentemente lo importante del acto era anunciar la marca Hecho en Pachuca que grandes y prodigiosos beneficios traer\u00e1 a todos los habitantes de la capital hidalguense. Sin embargo parece que en tanto no haga algo para bajar el enojo de los capitalinos, cansados, fastidiados de caer en verdaderas trampas d\u00eda a d\u00eda con sus autos, no se ve c\u00f3mo salga de esta terrible trance la presidenta municipal.<\/p>\n<p>\u00a0\u00a0 \u00a0\u00a0\u00a0 \u00a0\u00a0\u00a0 \u00a0\u00a0\u00a0 \u00a0\u00a0\u00a0 \u00a0***<\/p>\n<p>FERIA UNIVERSITARIA DEL LIBRO.- A partir de este viernes 25 de agosto, empieza la Feria del libro, organizada por la Universidad Aut\u00f3noma del Estado de Hidalgo. Se trata de un evento de talla internacional porque, habr\u00e1 que reconocerlo, ha crecido de manera exponencial, y mal har\u00edamos en restarle m\u00e9ritos. Una cosa es el manejo pol\u00edtico que hace el grupo que encabeza el Patronato Universitario, y otra aspectos como el anotado. Creaci\u00f3n del periodista Anselmo Estrada Alburquerque, sin duda se ha colocado como una de las mejores en todo el pa\u00eds, y en muchos sentido eso es importante no solo para los universitarios sino para todos los hidalguenses. No deje de visitarla.<\/p>\n<p>\u00a0\u00a0 \u00a0\u00a0\u00a0 \u00a0\u00a0\u00a0 \u00a0\u00a0\u00a0 \u00a0\u00a0\u00a0 \u00a0***<\/p>\n<p>dudas y comentarios:<br \/>desexenterado@gmail.com<br \/>@desexenterado<\/p>\n","protected":false},"excerpt":{"rendered":"<p>ANTORCHA, RENOVAR TRETAS.- No, de plano las viejas tretas con las que lograban sacarle muchos, pero muchos millones de pesos al gobierno del estado para sus muy particulares Planes de Desarrollo ya no les funcionan a los chantajistas de Antorcha Campesina, que tendr\u00e1n que reunirse para estudiar a fondo nuevas formas para alcanzar sus objetivos. [&hellip;]<\/p>\n","protected":false},"author":93,"featured_media":0,"comment_status":"open","ping_status":"open","sticky":false,"template":"","format":"standard","meta":{"footnotes":""},"categories":[83,42],"tags":[66],"class_list":["post-46666","post","type-post","status-publish","format-standard","hentry","category-dese-por-enterado","category-nuestrapalabra","tag-dese"],"_links":{"self":[{"href":"https:\/\/plazajuarez.mx\/historico\/wp-json\/wp\/v2\/posts\/46666","targetHints":{"allow":["GET"]}}],"collection":[{"href":"https:\/\/plazajuarez.mx\/historico\/wp-json\/wp\/v2\/posts"}],"about":[{"href":"https:\/\/plazajuarez.mx\/historico\/wp-json\/wp\/v2\/types\/post"}],"author":[{"embeddable":true,"href":"https:\/\/plazajuarez.mx\/historico\/wp-json\/wp\/v2\/users\/93"}],"replies":[{"embeddable":true,"href":"https:\/\/plazajuarez.mx\/historico\/wp-json\/wp\/v2\/comments?post=46666"}],"version-history":[{"count":0,"href":"https:\/\/plazajuarez.mx\/historico\/wp-json\/wp\/v2\/posts\/46666\/revisions"}],"wp:attachment":[{"href":"https:\/\/plazajuarez.mx\/historico\/wp-json\/wp\/v2\/media?parent=46666"}],"wp:term":[{"taxonomy":"category","embeddable":true,"href":"https:\/\/plazajuarez.mx\/historico\/wp-json\/wp\/v2\/categories?post=46666"},{"taxonomy":"post_tag","embeddable":true,"href":"https:\/\/plazajuarez.mx\/historico\/wp-json\/wp\/v2\/tags?post=46666"}],"curies":[{"name":"wp","href":"https:\/\/api.w.org\/{rel}","templated":true}]}}