{"id":46661,"date":"2017-08-23T12:01:16","date_gmt":"2017-08-23T12:01:16","guid":{"rendered":"http:\/\/plazajuarez.mx\/index\/index.php\/2017\/08\/23\/en-mexico-aun-estamos-a-tiempo\/"},"modified":"2017-08-23T12:01:16","modified_gmt":"2017-08-23T12:01:16","slug":"en-mexico-aun-estamos-a-tiempo","status":"publish","type":"post","link":"https:\/\/plazajuarez.mx\/historico\/en-mexico-aun-estamos-a-tiempo\/","title":{"rendered":"En M\u00e9xico a\u00fan estamos a tiempo"},"content":{"rendered":"<p>En 1991, resurgieron guerras regionales dejando un saldo de miles de muertos en \u00c1frica, en los que el componente \u00e9tnico-religioso era el punto toral del conflicto<\/p>\n<p>  <!--more-->  <\/p>\n<p>\u00a0<br \/>Cuando cay\u00f3 el muro de Berl\u00edn en 1989 la humanidad entera celebr\u00f3 el fin de la Guerra Fr\u00eda por la bipolaridad prevaleciente entre Oriente y Occidente, el primero representado por la Uni\u00f3n Sovi\u00e9tica, y el segundo por EU.<br \/>Pensamos que la amenaza de la guerra abandonar\u00eda el mundo y que una nueva etapa de paz mundial ser\u00eda la base para el crecimiento y la soluci\u00f3n de problemas sociales, aunado a una ampliaci\u00f3n de las libertades y derechos humanos, que traer\u00eda en un futuro pr\u00f3ximo el aumento del poder de la sociedad y la reducci\u00f3n del peso de la burocracia de los Estados.<br \/>Posteriormente, en 1991, resurgieron guerras regionales dejando un saldo de miles de muertos en \u00c1frica, en los que el componente \u00e9tnico-religioso era el punto toral del conflicto.<br \/>En 1992 la zona de los Balcanes se incendia y surgen conflictos entre hermanos en la ex Yugoslavia, reinstaurando la problem\u00e1tica religiosa medieval entre musulmanes y cristianos, encarnada en serbios y croatas.<br \/>En este nuevo mundo los modelos econ\u00f3micos en aplicaci\u00f3n han acentuado problemas sociales para los que todav\u00eda no existen respuestas.<br \/>\u00bfCon qui\u00e9n se identifican las actuales generaciones? Es muy dif\u00edcil precisar los elementos de identidad, pero desde luego no se identifican con la pol\u00edtica ni con sus actores.<br \/>En 1993 Europa acariciaba la concreci\u00f3n del sue\u00f1o de Victor Hugo: un continente unido bajo una sola identidad europea; sin embargo no fue el localismo el que se les atraves\u00f3 neg\u00e1ndoles esta posibilidad, sino que ha sido una segregaci\u00f3n y ausencia de integraci\u00f3n de pobres y ricos, en especial de migrantes musulmanes, que no se han integrado a la cuenca judeo-cristiana que representa Europa.<br \/>Los \u00faltimos ataques terroristas que han sufrido en el \u00faltimo a\u00f1o casi la totalidad de los pa\u00edses europeos, han surgido de su propia poblaci\u00f3n, pues no han sido extremistas musulmanes provenientes del sur del Mediterr\u00e1neo, sino nacidos en Europa. <br \/>Los fan\u00e1ticos musulmanes han sido alentados por l\u00edderes religiosos de las mezquitas en Espa\u00f1a, Francia y otros pa\u00edses europeos bajo la disyuntiva de elecci\u00f3n entre la apostas\u00eda y la vida entre infieles o la emigraci\u00f3n al califato isl\u00e1mico.<br \/>Todo ello ha abierto el frente a corrientes que se expresan al respecto, sobre si ha llegado el momento de establecer a la religi\u00f3n como un prerrequisito de ciudadan\u00eda para migrantes o seguir apostando a la libertad de culto absoluto, como los Estados laicos han optado hasta la fecha.<br \/>Angela Merkel ya tir\u00f3 su cuarto de espadas al mencionar que la religi\u00f3n es un basti\u00f3n de identidad en Europa, atrevi\u00e9ndose t\u00edmidamente a colocarla como uno de los puntales de la uni\u00f3n de la poblaci\u00f3n como arma contra el terrorismo.<br \/>Las comunidades isl\u00e1micas europeas han condenado de manera inequ\u00edvoca los atentados. Pareciera que los extremistas act\u00faan como franquiciatarios del ej\u00e9rcito isl\u00e1mico.<br \/>El reto que el mundo enfrenta consiste en no sucumbir a la provocaci\u00f3n terrorista, instaurando sistemas de seguridad que logren integrar, proteger y respetar las diferencias que existen, sin dejar de lado que nuestras similitudes acortan los aparentes abismos que nos separan; al final del d\u00eda todos compartimos una creencia monote\u00edsta que adecuada al Estado laico ha probado ser la manera m\u00e1s adecuada de organizaci\u00f3n.<br \/>Tristemente el mundo avanza hacia la intolerancia y la falta de libertades, es posible que si las iniciativas exclusivistas y xen\u00f3fobas como la de Pa\u00edses Bajos se aprueban, veremos un cambio negativo en el mundo, ya que hoy por hoy los actos terroristas llevados a cabo por fan\u00e1ticos religiosos provocan una percepci\u00f3n generalizada de miedo e inseguridad en una regi\u00f3n otrora desarrollada y pac\u00edfica. En M\u00e9xico a\u00fan estamos a tiempo.<\/p>\n","protected":false},"excerpt":{"rendered":"<p>En 1991, resurgieron guerras regionales dejando un saldo de miles de muertos en \u00c1frica, en los que el componente \u00e9tnico-religioso era el punto toral del conflicto<\/p>\n","protected":false},"author":93,"featured_media":0,"comment_status":"open","ping_status":"open","sticky":false,"template":"","format":"standard","meta":{"footnotes":""},"categories":[42],"tags":[],"class_list":["post-46661","post","type-post","status-publish","format-standard","hentry","category-nuestrapalabra"],"_links":{"self":[{"href":"https:\/\/plazajuarez.mx\/historico\/wp-json\/wp\/v2\/posts\/46661","targetHints":{"allow":["GET"]}}],"collection":[{"href":"https:\/\/plazajuarez.mx\/historico\/wp-json\/wp\/v2\/posts"}],"about":[{"href":"https:\/\/plazajuarez.mx\/historico\/wp-json\/wp\/v2\/types\/post"}],"author":[{"embeddable":true,"href":"https:\/\/plazajuarez.mx\/historico\/wp-json\/wp\/v2\/users\/93"}],"replies":[{"embeddable":true,"href":"https:\/\/plazajuarez.mx\/historico\/wp-json\/wp\/v2\/comments?post=46661"}],"version-history":[{"count":0,"href":"https:\/\/plazajuarez.mx\/historico\/wp-json\/wp\/v2\/posts\/46661\/revisions"}],"wp:attachment":[{"href":"https:\/\/plazajuarez.mx\/historico\/wp-json\/wp\/v2\/media?parent=46661"}],"wp:term":[{"taxonomy":"category","embeddable":true,"href":"https:\/\/plazajuarez.mx\/historico\/wp-json\/wp\/v2\/categories?post=46661"},{"taxonomy":"post_tag","embeddable":true,"href":"https:\/\/plazajuarez.mx\/historico\/wp-json\/wp\/v2\/tags?post=46661"}],"curies":[{"name":"wp","href":"https:\/\/api.w.org\/{rel}","templated":true}]}}