{"id":46642,"date":"2017-08-23T11:23:36","date_gmt":"2017-08-23T11:23:36","guid":{"rendered":"http:\/\/plazajuarez.mx\/index\/index.php\/2017\/08\/23\/sacrificio-politico-no-resuelve-paso-expres-ruiz-esparza\/"},"modified":"2017-08-23T11:23:36","modified_gmt":"2017-08-23T11:23:36","slug":"sacrificio-politico-no-resuelve-paso-expres-ruiz-esparza","status":"publish","type":"post","link":"https:\/\/plazajuarez.mx\/historico\/sacrificio-politico-no-resuelve-paso-expres-ruiz-esparza\/","title":{"rendered":"&#8220;Sacrificio pol\u00edtico&#8221; no resuelve Paso Expr\u00e9s: Ruiz Esparza"},"content":{"rendered":"<p>Durante su comparecencia ante la Tercera Comisi\u00f3n de la Permanente, Ruiz Esparza insisti\u00f3 en que lo importante es fincar responsabilidades, y que de ello se est\u00e1 haciendo cargo ya la Secretar\u00eda de la Funci\u00f3n P\u00fablica<\/p>\n<p>  <!--more-->  <\/p>\n<p>Cuestionado sobre la preferencias del gobierno federal por algunas constructoras, el titular de la SCT reconoci\u00f3 que se han otorgado 28 contratos para la construcci\u00f3n de obras a la empresa Aldesa, trece de ellos en la pasada administraci\u00f3n y quince durante el actual sexenio, estas \u00faltimas por 2 mil 881 millones de pesos<br \/>Si hubo omisiones y errores en la construcci\u00f3n del Paso Expr\u00e9s son los culpables los que deben hacer frente, y no resolverlo con un \u201csacrificio pol\u00edtico\u201d, respondi\u00f3 el secretario de Comunicaciones y Transportes (SCT), Gerardo Ruiz Esparza, a los cuestionamientos de diputados y senadores del PAN y de Morena, que le plantearon que debe renunciar.<br \/>Primero, la diputada panista Minerva Hern\u00e1ndez le recalc\u00f3 que no debe repartir culpas y debe dejar el cargo. Despu\u00e9s, el diputado de Morena, Vidal Llerenas, le se\u00f1al\u00f3 que tiene que renunciar o se\u00f1alar qui\u00e9nes son los funcionarios responsables del socav\u00f3n formado en el Paso Expr\u00e9s de la carretera M\u00e9xico-Cuernavaca, que provoc\u00f3 la muerte de dos personas.<br \/>\u201cNo entiendo c\u00f3mo va seguir teniendo legitimidad, lo mejor es renunciar cuando no cumplimos con el trabajo. Ojal\u00e1 rectifique y le haga un bien al pa\u00eds\u201d recalc\u00f3 el legislador de Morena.<br \/>El titular de la SCT evit\u00f3 responder de manera directa a la petici\u00f3n, s\u00f3lo se\u00f1al\u00f3 que lo importante no es que haya un responsable pol\u00edtico, sino el culpable de las irregularidades y los errores en la construcci\u00f3n del Paso Expr\u00e9s.<\/p>\n","protected":false},"excerpt":{"rendered":"<p>Durante su comparecencia ante la Tercera Comisi\u00f3n de la Permanente, Ruiz Esparza insisti\u00f3 en que lo importante es fincar responsabilidades, y que de ello se est\u00e1 haciendo cargo ya la Secretar\u00eda de la Funci\u00f3n P\u00fablica<\/p>\n","protected":false},"author":93,"featured_media":0,"comment_status":"open","ping_status":"open","sticky":false,"template":"","format":"standard","meta":{"footnotes":""},"categories":[36],"tags":[],"class_list":["post-46642","post","type-post","status-publish","format-standard","hentry","category-nacion"],"_links":{"self":[{"href":"https:\/\/plazajuarez.mx\/historico\/wp-json\/wp\/v2\/posts\/46642","targetHints":{"allow":["GET"]}}],"collection":[{"href":"https:\/\/plazajuarez.mx\/historico\/wp-json\/wp\/v2\/posts"}],"about":[{"href":"https:\/\/plazajuarez.mx\/historico\/wp-json\/wp\/v2\/types\/post"}],"author":[{"embeddable":true,"href":"https:\/\/plazajuarez.mx\/historico\/wp-json\/wp\/v2\/users\/93"}],"replies":[{"embeddable":true,"href":"https:\/\/plazajuarez.mx\/historico\/wp-json\/wp\/v2\/comments?post=46642"}],"version-history":[{"count":0,"href":"https:\/\/plazajuarez.mx\/historico\/wp-json\/wp\/v2\/posts\/46642\/revisions"}],"wp:attachment":[{"href":"https:\/\/plazajuarez.mx\/historico\/wp-json\/wp\/v2\/media?parent=46642"}],"wp:term":[{"taxonomy":"category","embeddable":true,"href":"https:\/\/plazajuarez.mx\/historico\/wp-json\/wp\/v2\/categories?post=46642"},{"taxonomy":"post_tag","embeddable":true,"href":"https:\/\/plazajuarez.mx\/historico\/wp-json\/wp\/v2\/tags?post=46642"}],"curies":[{"name":"wp","href":"https:\/\/api.w.org\/{rel}","templated":true}]}}