{"id":46640,"date":"2017-08-23T11:22:15","date_gmt":"2017-08-23T11:22:15","guid":{"rendered":"http:\/\/plazajuarez.mx\/index\/index.php\/2017\/08\/23\/llega-a-3-el-pib-en-segundo-trimestre-de-2017\/"},"modified":"2017-08-23T11:22:15","modified_gmt":"2017-08-23T11:22:15","slug":"llega-a-3-el-pib-en-segundo-trimestre-de-2017","status":"publish","type":"post","link":"https:\/\/plazajuarez.mx\/historico\/llega-a-3-el-pib-en-segundo-trimestre-de-2017\/","title":{"rendered":"Llega a 3% el PIB en segundo trimestre de 2017"},"content":{"rendered":"<p>Informa el Inegi<br \/>\u00a0\u00a0 \u00a0\u2022\u00a0\u00a0 \u00a0Actividad econ\u00f3mica su mayor alza para un mes similar desde 2014 \u2028<\/p>\n<p>  <!--more-->  <\/p>\n<p>\u00a0El Producto Interno Bruto (PIB) del pa\u00eds registr\u00f3 un avance real de 3 por ciento durante el periodo abril-junio de 2017 con relaci\u00f3n a igual lapso de 2016, inform\u00f3 el Instituto Nacional de Estad\u00edstica y Geograf\u00eda (Inegi).<br \/>En su medici\u00f3n sobre el crecimiento de la econom\u00eda, detall\u00f3 que por grandes actividades econ\u00f3micas, el PIB de las actividades terciarias se elev\u00f3 4.1 por ciento, el de las primarias 0.9 por ciento y el de las secundarias lo hizo en 0.5 respecto al segundo trimestre de un a\u00f1o antes.<br \/>SHCP REVISAR\u00c1 PREVISI\u00d3N DE CRECIMIENTO DE 2017 <br \/>La Secretar\u00eda de Hacienda inform\u00f3 ayer que actualizar\u00e1 el rango de crecimiento del PIB estimado para 2017 en el proyecto de presupuesto para 2018 que debe presentar a m\u00e1s tardar el 8 de septiembre.<br \/>El pasado 22 de mayo la Secretar\u00eda de Hacienda revis\u00f3 al alza su estimaci\u00f3n de crecimiento de la econom\u00eda en 2017 a un rango de 1.5-2.5 por ciento, desde un previo de 1.3-2.3 por ciento que hab\u00eda revisado a la baja a finales de marzo.<br \/>A finales de julio el jefe de economistas de la Secretar\u00eda de Hacienda, Luis Madrazo, dijo que en agosto podr\u00eda haber una revisi\u00f3n al alza de la proyecci\u00f3n oficial de crecimiento del PIB, una vez que se tuvieran las cifras definitivas del segundo trimestre.<br \/>ACTIVIDAD ECON\u00d3MICA CRECE 2.4 % ANUAL EN JUNIO <br \/>En junio de 2017 el Indicador Global de la Actividad Econ\u00f3mica (IGAE) creci\u00f3 2.4 por ciento en relaci\u00f3n a igual mes del a\u00f1o pasado, con cifras desestacionalizadas, su mayor alza para un mes similar desde 2014 y en l\u00ednea con lo esperado.<br \/>El Instituto Nacional de Estad\u00edstica y Geograf\u00eda (Inegi) inform\u00f3 que, por grandes grupos de actividades, las Terciarias se elevaron 3.9 por ciento y las Primarias 2.2, mientras las Secundarias no reportaron variaci\u00f3n en el sexto mes de este a\u00f1o frente a junio del a\u00f1o inmediato anterior.<br \/>El organismo se\u00f1al\u00f3 que el Indicador Global de la Actividad Econ\u00f3mica creci\u00f3 0.5 por ciento en t\u00e9rminos reales durante junio de 2017, con relaci\u00f3n a igual mes de 2016, su mayor alza en el a\u00f1o y con ello registr\u00f3 tres incrementos mensuales consecutivos.<\/p>\n","protected":false},"excerpt":{"rendered":"<p>Informa el Inegi\u00a0\u00a0 \u00a0\u2022\u00a0\u00a0 \u00a0Actividad econ\u00f3mica su mayor alza para un mes similar desde 2014 \u2028<\/p>\n","protected":false},"author":93,"featured_media":0,"comment_status":"open","ping_status":"open","sticky":false,"template":"","format":"standard","meta":{"footnotes":""},"categories":[36],"tags":[],"class_list":["post-46640","post","type-post","status-publish","format-standard","hentry","category-nacion"],"_links":{"self":[{"href":"https:\/\/plazajuarez.mx\/historico\/wp-json\/wp\/v2\/posts\/46640","targetHints":{"allow":["GET"]}}],"collection":[{"href":"https:\/\/plazajuarez.mx\/historico\/wp-json\/wp\/v2\/posts"}],"about":[{"href":"https:\/\/plazajuarez.mx\/historico\/wp-json\/wp\/v2\/types\/post"}],"author":[{"embeddable":true,"href":"https:\/\/plazajuarez.mx\/historico\/wp-json\/wp\/v2\/users\/93"}],"replies":[{"embeddable":true,"href":"https:\/\/plazajuarez.mx\/historico\/wp-json\/wp\/v2\/comments?post=46640"}],"version-history":[{"count":0,"href":"https:\/\/plazajuarez.mx\/historico\/wp-json\/wp\/v2\/posts\/46640\/revisions"}],"wp:attachment":[{"href":"https:\/\/plazajuarez.mx\/historico\/wp-json\/wp\/v2\/media?parent=46640"}],"wp:term":[{"taxonomy":"category","embeddable":true,"href":"https:\/\/plazajuarez.mx\/historico\/wp-json\/wp\/v2\/categories?post=46640"},{"taxonomy":"post_tag","embeddable":true,"href":"https:\/\/plazajuarez.mx\/historico\/wp-json\/wp\/v2\/tags?post=46640"}],"curies":[{"name":"wp","href":"https:\/\/api.w.org\/{rel}","templated":true}]}}