{"id":4663,"date":"2015-05-05T05:00:00","date_gmt":"2015-05-05T05:00:00","guid":{"rendered":"http:\/\/plazajuarez.mx\/index\/index.php\/2015\/05\/05\/no-cesa-tentacion-del-gobierno-para-usar-programas-en-proselitismo-prd\/"},"modified":"2015-05-05T05:00:00","modified_gmt":"2015-05-05T05:00:00","slug":"no-cesa-tentacion-del-gobierno-para-usar-programas-en-proselitismo-prd","status":"publish","type":"post","link":"https:\/\/plazajuarez.mx\/historico\/no-cesa-tentacion-del-gobierno-para-usar-programas-en-proselitismo-prd\/","title":{"rendered":"&#8220;No cesa tentaci\u00f3n&#8221; del gobierno para  usar programas en proselitismo: PRD"},"content":{"rendered":"<p>M\u00e9xico, DF.- En el gobierno federal \u201cno cesa la tentaci\u00f3n\u201d de utilizar los programas sociales con fines proselitistas, denunci\u00f3 el l\u00edder nacional del PRD, Carlos Navarrete. Adem\u00e1s, estim\u00f3 que en las pr\u00f3ximas elecciones, el PRI resentir\u00e1 un \u201cvoto de castigo\u201d a la gesti\u00f3n del presidente Enrique Pe\u00f1a Nieto, quien no ha presentado resultados positivos, y tiene un enorme d\u00e9ficit en materia econ\u00f3mica y de seguridad.<\/p>\n<p>  <!--more-->  <\/p>\n<p>\u00a0<\/p>\n<p>Incluso, Navarrete se\u00f1al\u00f3 que el PRI ya se habr\u00eda dado cuenta que presentar al presidente Pe\u00f1a Nieto como uno de sus activos rumbo a las elecciones, resulta \u201ccontraproducente\u201d, dada la dr\u00e1stica ca\u00edda en los niveles de la aceptaci\u00f3n que actualmente tiene el titular del Ejecutivo federal.<\/p>\n<p>\u201cSi lo quieren presentar (a Pe\u00f1a Nieto) como emblema, no les va ir bien\u201d, dijo. De hecho, agreg\u00f3, el PRI \u201canda sufriendo\u201d. En conferencia de prensa, Navarrete inform\u00f3 que para este martes, cuando el partido cumple oficialmente su 26 aniversario, se celebrar\u00e1 con la realizaci\u00f3n de la jornada nacional por el incremento al salario. En esta jornada se insistir\u00e1 de manera particular en la situaci\u00f3n de explotaci\u00f3n que viven los trabajadores agr\u00edcolas de San Quint\u00edn, Baja California.\u00a0 (Agencias)<\/p>\n","protected":false},"excerpt":{"rendered":"<p>M\u00e9xico, DF.- En el gobierno federal \u201cno cesa la tentaci\u00f3n\u201d de utilizar los programas sociales con fines proselitistas, denunci\u00f3 el l\u00edder nacional del PRD, Carlos Navarrete. Adem\u00e1s, estim\u00f3 que en las pr\u00f3ximas elecciones, el PRI resentir\u00e1 un \u201cvoto de castigo\u201d a la gesti\u00f3n del presidente Enrique Pe\u00f1a Nieto, quien no ha presentado resultados positivos, y [&hellip;]<\/p>\n","protected":false},"author":93,"featured_media":0,"comment_status":"open","ping_status":"open","sticky":false,"template":"","format":"standard","meta":{"footnotes":""},"categories":[36],"tags":[],"class_list":["post-4663","post","type-post","status-publish","format-standard","hentry","category-nacion"],"_links":{"self":[{"href":"https:\/\/plazajuarez.mx\/historico\/wp-json\/wp\/v2\/posts\/4663","targetHints":{"allow":["GET"]}}],"collection":[{"href":"https:\/\/plazajuarez.mx\/historico\/wp-json\/wp\/v2\/posts"}],"about":[{"href":"https:\/\/plazajuarez.mx\/historico\/wp-json\/wp\/v2\/types\/post"}],"author":[{"embeddable":true,"href":"https:\/\/plazajuarez.mx\/historico\/wp-json\/wp\/v2\/users\/93"}],"replies":[{"embeddable":true,"href":"https:\/\/plazajuarez.mx\/historico\/wp-json\/wp\/v2\/comments?post=4663"}],"version-history":[{"count":0,"href":"https:\/\/plazajuarez.mx\/historico\/wp-json\/wp\/v2\/posts\/4663\/revisions"}],"wp:attachment":[{"href":"https:\/\/plazajuarez.mx\/historico\/wp-json\/wp\/v2\/media?parent=4663"}],"wp:term":[{"taxonomy":"category","embeddable":true,"href":"https:\/\/plazajuarez.mx\/historico\/wp-json\/wp\/v2\/categories?post=4663"},{"taxonomy":"post_tag","embeddable":true,"href":"https:\/\/plazajuarez.mx\/historico\/wp-json\/wp\/v2\/tags?post=4663"}],"curies":[{"name":"wp","href":"https:\/\/api.w.org\/{rel}","templated":true}]}}