{"id":4662,"date":"2015-05-05T05:00:00","date_gmt":"2015-05-05T05:00:00","guid":{"rendered":"http:\/\/plazajuarez.mx\/index\/index.php\/2015\/05\/05\/tengo-miedo-confiesa-candidato-del-pan-a-gobernador-de-guerrero\/"},"modified":"2015-05-05T05:00:00","modified_gmt":"2015-05-05T05:00:00","slug":"tengo-miedo-confiesa-candidato-del-pan-a-gobernador-de-guerrero","status":"publish","type":"post","link":"https:\/\/plazajuarez.mx\/historico\/tengo-miedo-confiesa-candidato-del-pan-a-gobernador-de-guerrero\/","title":{"rendered":"\u00a0\u201cTengo miedo\u201d, confiesa candidato  del PAN a gobernador de Guerrero"},"content":{"rendered":"<ul>\n<li><strong>\u201cPido a Dios regresar a casa despu\u00e9s de la campa\u00f1a\u201d, dice Jorge Camacho <\/strong><\/li>\n<li><strong><strong>El aspirante por Colima Jorge Luis Preciado no muestra temor<\/strong><\/strong> <!--more--> <\/li>\n<\/ul>\n<p>M\u00e9xico, D.F.- El candidato del PAN a la gubernatura de Guerrero afirm\u00f3 que la situaci\u00f3n pol\u00edtica de su entidad es grave, tras el asesinato del candidato priista a la alcald\u00eda de Chilapa, Ulises Fabi\u00e1n Quiroz, y sentenci\u00f3 que \u201ctengo miedo y pido a Dios regresar a casa despu\u00e9s de cada d\u00eda de campa\u00f1a\u201d.<\/p>\n<p>Por su parte, el candidato panista a la gubernatura de Colima, Jorge Luis Preciado, afirm\u00f3 que en su estado enfrentar al crimen organizado debe ser el principal reto de quien asuma pr\u00f3ximamente la gubernatura.<\/p>\n<p>Preciado Rodr\u00edguez record\u00f3 que los 2 ex gobernadores de Colima han sido asesinados y ello es un reflejo de la situaci\u00f3n que priva en la zona.<\/p>\n<p>Por su parte, el presidente del PAN, Gustavo Madero Mu\u00f1oz, indic\u00f3 que el gobierno federal debe continuar la lucha en contra del crimen organizado y no amedrentarse, luego de los hechos violentos registrados desde el pasado viernes en los estados de Jalisco, Guanajuato, Colima y Zacatecas. (Agencias)<\/p>\n","protected":false},"excerpt":{"rendered":"<p>\u201cPido a Dios regresar a casa despu\u00e9s de la campa\u00f1a\u201d, dice Jorge Camacho El aspirante por Colima Jorge Luis Preciado no muestra temor<\/p>\n","protected":false},"author":93,"featured_media":0,"comment_status":"open","ping_status":"open","sticky":false,"template":"","format":"standard","meta":{"footnotes":""},"categories":[36],"tags":[],"class_list":["post-4662","post","type-post","status-publish","format-standard","hentry","category-nacion"],"_links":{"self":[{"href":"https:\/\/plazajuarez.mx\/historico\/wp-json\/wp\/v2\/posts\/4662","targetHints":{"allow":["GET"]}}],"collection":[{"href":"https:\/\/plazajuarez.mx\/historico\/wp-json\/wp\/v2\/posts"}],"about":[{"href":"https:\/\/plazajuarez.mx\/historico\/wp-json\/wp\/v2\/types\/post"}],"author":[{"embeddable":true,"href":"https:\/\/plazajuarez.mx\/historico\/wp-json\/wp\/v2\/users\/93"}],"replies":[{"embeddable":true,"href":"https:\/\/plazajuarez.mx\/historico\/wp-json\/wp\/v2\/comments?post=4662"}],"version-history":[{"count":0,"href":"https:\/\/plazajuarez.mx\/historico\/wp-json\/wp\/v2\/posts\/4662\/revisions"}],"wp:attachment":[{"href":"https:\/\/plazajuarez.mx\/historico\/wp-json\/wp\/v2\/media?parent=4662"}],"wp:term":[{"taxonomy":"category","embeddable":true,"href":"https:\/\/plazajuarez.mx\/historico\/wp-json\/wp\/v2\/categories?post=4662"},{"taxonomy":"post_tag","embeddable":true,"href":"https:\/\/plazajuarez.mx\/historico\/wp-json\/wp\/v2\/tags?post=4662"}],"curies":[{"name":"wp","href":"https:\/\/api.w.org\/{rel}","templated":true}]}}