{"id":4661,"date":"2015-05-05T05:00:00","date_gmt":"2015-05-05T05:00:00","guid":{"rendered":"http:\/\/plazajuarez.mx\/index\/index.php\/2015\/05\/05\/rechaza-suplente-candidatura-del-pri-en-chilapa-tiene-miedo-dicen\/"},"modified":"2015-05-05T05:00:00","modified_gmt":"2015-05-05T05:00:00","slug":"rechaza-suplente-candidatura-del-pri-en-chilapa-tiene-miedo-dicen","status":"publish","type":"post","link":"https:\/\/plazajuarez.mx\/historico\/rechaza-suplente-candidatura-del-pri-en-chilapa-tiene-miedo-dicen\/","title":{"rendered":"Rechaza suplente candidatura del  PRI en Chilapa; &#8216;tiene miedo&#8217;, dicen"},"content":{"rendered":"<p>Chilpancingo, Gro.- Jos\u00e9 Santos Valdivia, rechaz\u00f3 tomar la candidatura del PRI-PVEM a la alcald\u00eda de Chilapa, lugar que dej\u00f3 Ulises Fabi\u00e1n Quiroz, asesinado a tiros por un comando el pasado viernes en la comunidad de Atzacualoya.<\/p>\n<p>  <!--more-->  <\/p>\n<p>\u00a0<\/p>\n<p>Aunque Santos Valdivia fue registrado como suplente del ahora occiso, inform\u00f3 al l\u00edder del PRI en Guerrero, Cuauht\u00e9moc Salgado Romero, que no asumir\u00eda la candidatura \u201cporque tiene miedo\u201d.<\/p>\n<p>Lo que calific\u00f3 Salgado Romero de ser un asunto delicado que deben de resolver con prontitud. Se prev\u00e9 que en las pr\u00f3ximas horas se d\u00e9 a conocer el nombre de aspirante, descartando la posibilidad de que asuma Alicia Zamora Villalba, debido a que el partido debe cubrir la paridad de g\u00e9nero.<\/p>\n<p>Entre las cinco posibilidades que se manejan, se encuentra Esteban Garc\u00eda, quien era uno de los postulantes.<\/p>\n<p>El domingo, familiares, amigos y partidarios sepultaron al candidato del PRI-PVEM a la alcald\u00eda de Chilapa, Ulises Fabi\u00e1n Quiroz.<\/p>\n<p>En el municipio se report\u00f3 la aparici\u00f3n de mantas en bardas, en las que se acusaba a\u00a0 Miguel Cantor\u00e1n, candidato del PRD a la alcald\u00eda de Chilapa, del asesinato de Fabi\u00e1n Quiroz.<\/p>\n<p>Miguel Cantor\u00e1n, Chilapa te repudia a todo tu grupo armado, PRD asesino&#8221;, se pod\u00eda leer en algunas de las mantas. (Agencias)<\/p>\n","protected":false},"excerpt":{"rendered":"<p>Chilpancingo, Gro.- Jos\u00e9 Santos Valdivia, rechaz\u00f3 tomar la candidatura del PRI-PVEM a la alcald\u00eda de Chilapa, lugar que dej\u00f3 Ulises Fabi\u00e1n Quiroz, asesinado a tiros por un comando el pasado viernes en la comunidad de Atzacualoya.<\/p>\n","protected":false},"author":93,"featured_media":0,"comment_status":"open","ping_status":"open","sticky":false,"template":"","format":"standard","meta":{"footnotes":""},"categories":[36],"tags":[],"class_list":["post-4661","post","type-post","status-publish","format-standard","hentry","category-nacion"],"_links":{"self":[{"href":"https:\/\/plazajuarez.mx\/historico\/wp-json\/wp\/v2\/posts\/4661","targetHints":{"allow":["GET"]}}],"collection":[{"href":"https:\/\/plazajuarez.mx\/historico\/wp-json\/wp\/v2\/posts"}],"about":[{"href":"https:\/\/plazajuarez.mx\/historico\/wp-json\/wp\/v2\/types\/post"}],"author":[{"embeddable":true,"href":"https:\/\/plazajuarez.mx\/historico\/wp-json\/wp\/v2\/users\/93"}],"replies":[{"embeddable":true,"href":"https:\/\/plazajuarez.mx\/historico\/wp-json\/wp\/v2\/comments?post=4661"}],"version-history":[{"count":0,"href":"https:\/\/plazajuarez.mx\/historico\/wp-json\/wp\/v2\/posts\/4661\/revisions"}],"wp:attachment":[{"href":"https:\/\/plazajuarez.mx\/historico\/wp-json\/wp\/v2\/media?parent=4661"}],"wp:term":[{"taxonomy":"category","embeddable":true,"href":"https:\/\/plazajuarez.mx\/historico\/wp-json\/wp\/v2\/categories?post=4661"},{"taxonomy":"post_tag","embeddable":true,"href":"https:\/\/plazajuarez.mx\/historico\/wp-json\/wp\/v2\/tags?post=4661"}],"curies":[{"name":"wp","href":"https:\/\/api.w.org\/{rel}","templated":true}]}}