{"id":46609,"date":"2017-08-22T12:33:28","date_gmt":"2017-08-22T12:33:28","guid":{"rendered":"http:\/\/plazajuarez.mx\/index\/index.php\/2017\/08\/22\/funcionarios-desdenan-foro\/"},"modified":"2017-08-22T12:33:28","modified_gmt":"2017-08-22T12:33:28","slug":"funcionarios-desdenan-foro","status":"publish","type":"post","link":"https:\/\/plazajuarez.mx\/historico\/funcionarios-desdenan-foro\/","title":{"rendered":"Funcionarios desde\u00f1an foro"},"content":{"rendered":"<p>Bajo Reserva Expr\u00e9s<\/p>\n<p>  <!--more-->  <\/p>\n<p>Lo que se esperaba que fuera un gran foro para discutir los pros y contras del nuevo sistema de justicia penal Acusatorio, y que es organizado por la Comisi\u00f3n de Justicia del Senado, se qued\u00f3 en el intento y se llen\u00f3 con suplentes.<br \/>Al evento estaban convocados el Jefe de Gobierno de la CDMX, Miguel \u00c1ngel Mancera, quien no lleg\u00f3 y envi\u00f3 en su lugar a Jorge Antonio Mir\u00f3n, subprocurador de la Procuradur\u00eda capitalina; el presidente de la Suprema Corte de Justicia de la Naci\u00f3n, Luis Mar\u00eda Aguilar, mand\u00f3 al magistrado Juan Jos\u00e9 Olvera L\u00f3pez, en su representaci\u00f3n.<br \/>El titular de la PGR, Ra\u00fal Cervantes, envi\u00f3 al Alberto El\u00edas Beltr\u00e1n, subprocurador de Asuntos Internacionales.<br \/>La presidenta de la C\u00e1mara de Diputados, Mar\u00eda Guadalupe Murgu\u00eda (PAN), envi\u00f3 a la vicepresidenta, Sharon Cuenca (PVEM).<br \/>Hasta el presidente de la Comisi\u00f3n de Justicia de la C\u00e1mara de Diputados, \u00c1lvaro Ibarra (PRI), mand\u00f3 a una suplente.<br \/>El presidente del Senado, Pablo Escudero (PVEM), lleg\u00f3 literalmente barri\u00e9ndose al final de la inauguraci\u00f3n.<br \/>Nos hacen ver que hoy en el pa\u00eds dif\u00edcilmente hay una demanda m\u00e1s sentida de los ciudadanos que la del correcto funcionamiento de la justicia, pero que al parecer para el Ejecutivo, el Legislativo y el Judicial, no es un tema que merezca la atenci\u00f3n de sus m\u00e1ximos funcionarios.<\/p>\n","protected":false},"excerpt":{"rendered":"<p>Bajo Reserva Expr\u00e9s<\/p>\n","protected":false},"author":93,"featured_media":0,"comment_status":"open","ping_status":"open","sticky":false,"template":"","format":"standard","meta":{"footnotes":""},"categories":[42],"tags":[],"class_list":["post-46609","post","type-post","status-publish","format-standard","hentry","category-nuestrapalabra"],"_links":{"self":[{"href":"https:\/\/plazajuarez.mx\/historico\/wp-json\/wp\/v2\/posts\/46609","targetHints":{"allow":["GET"]}}],"collection":[{"href":"https:\/\/plazajuarez.mx\/historico\/wp-json\/wp\/v2\/posts"}],"about":[{"href":"https:\/\/plazajuarez.mx\/historico\/wp-json\/wp\/v2\/types\/post"}],"author":[{"embeddable":true,"href":"https:\/\/plazajuarez.mx\/historico\/wp-json\/wp\/v2\/users\/93"}],"replies":[{"embeddable":true,"href":"https:\/\/plazajuarez.mx\/historico\/wp-json\/wp\/v2\/comments?post=46609"}],"version-history":[{"count":0,"href":"https:\/\/plazajuarez.mx\/historico\/wp-json\/wp\/v2\/posts\/46609\/revisions"}],"wp:attachment":[{"href":"https:\/\/plazajuarez.mx\/historico\/wp-json\/wp\/v2\/media?parent=46609"}],"wp:term":[{"taxonomy":"category","embeddable":true,"href":"https:\/\/plazajuarez.mx\/historico\/wp-json\/wp\/v2\/categories?post=46609"},{"taxonomy":"post_tag","embeddable":true,"href":"https:\/\/plazajuarez.mx\/historico\/wp-json\/wp\/v2\/tags?post=46609"}],"curies":[{"name":"wp","href":"https:\/\/api.w.org\/{rel}","templated":true}]}}