{"id":46522,"date":"2017-08-21T05:29:14","date_gmt":"2017-08-21T05:29:14","guid":{"rendered":"http:\/\/plazajuarez.mx\/index\/index.php\/2017\/08\/21\/con-la-pelicula-roma-sali-del-closet-fotografico-alfonso-cuaron\/"},"modified":"2017-08-21T05:29:14","modified_gmt":"2017-08-21T05:29:14","slug":"con-la-pelicula-roma-sali-del-closet-fotografico-alfonso-cuaron","status":"publish","type":"post","link":"https:\/\/plazajuarez.mx\/historico\/con-la-pelicula-roma-sali-del-closet-fotografico-alfonso-cuaron\/","title":{"rendered":"Con la pel\u00edcula &#8216;Roma&#8217; sal\u00ed del cl\u00f3set fotogr\u00e1fico: Alfonso Cuar\u00f3n"},"content":{"rendered":"<p>La pel\u00edcula &#8220;Roma&#8221; le permiti\u00f3 a Alfonso Cuar\u00f3n, &#8220;salir del cl\u00f3set&#8221;. Ganador del Oscar a Mejor direcci\u00f3n por &#8220;Gravedad&#8221;, la verdad es que tiene vena fotogr\u00e1fica y su m\u00e1s reciente cinta, ahora en posproducci\u00f3n, le permiti\u00f3 ponerse tras la c\u00e1mara de principio a fin.<\/p>\n<p>  <!--more-->  <\/p>\n<p>&#8220;Despu\u00e9s de Gravedad, que tuvo la fortuna de hacer mucho dinero, empec\u00e9 a tener ofertas de pel\u00edculas grandes, secuelas, ser el jefe de franquicias, pero como dice Guillermo del Toro: uno se come el cereal no necesariamente por \u00e9l, sino por la promesa del juguetito que viene adentro&#8221;, explic\u00f3.<br \/>&#8220;&#8216;Gravedad&#8217; fue ese cereal y a pesar de todas las tentaciones, sab\u00eda que se pod\u00eda tener la oportunidad de hacer una pel\u00edcula como quer\u00eda, en mi pa\u00eds y reinventarme. As\u00ed, &#8216;Roma&#8217; me dio la oportunidad de salir del cl\u00f3set fotogr\u00e1fico, por primera vez pude fotografiar y dirigir completamente una pel\u00edcula m\u00eda y fue un placer, fotografiar era lo que quer\u00eda hacer cuando entr\u00e9 a la escuela de cine&#8221;, indic\u00f3. <br \/>Cuar\u00f3n ofreci\u00f3 el pasado s\u00e1bado una charla relacionada con la imagen en el cine, dentro de un evento patrocinado por la empresa fotogr\u00e1fica Canon, en la Universidad Panamericana de la Ciudad de M\u00e9xico y a la cual asistieron cerca de 500 personas. <br \/>Durante el encuentro, &#8220;El Charolastra mayor&#8221; reconoci\u00f3 que ahora quienes desean hacer cine no deben pasar por un proceso similar al de \u00e9l, para entrar al llamado s\u00e9ptimo arte.<br \/>&#8220;Mi \u00fanica manera de entrar fue siendo un &#8216;perrote&#8217;, un trabajador de cine, donde hac\u00eda la funci\u00f3n que fuera para estar cerca de un set, hice de asistente de c\u00e1mara, de producci\u00f3n, microfonista, hasta que me puse como asistente de direcci\u00f3n. Jam\u00e1s recomendar\u00eda que necesariamente sigan los j\u00f3venes ese camino, ahora una pel\u00edcula se puede hacer con un equipo que se tiene en casa: si se tiene un tel\u00e9fono y una computadora, con eso basta&#8221;, indic\u00f3.<br \/>Pero advierte un peligro: &#8220;Todo se vuelve homog\u00e9neo, la tecnolog\u00eda habla por ti, como Instagram, donde tomas la foto y pones filtro, no es interesante o bien, la \u00fanica palabra que encuentro es cool&#8221;.<br \/>A pregunta alusiva a las declaraciones de Christopher Nolan (&#8220;Dunkirk&#8221;) de que el cine debe ser visto en pantalla grande y no en plataformas, Cuar\u00f3n sonri\u00f3.<br \/>&#8220;Es como pensar que los negros son para sacar algod\u00f3n de los campos. El cine y la foto se han desarrollado de la mano de la tecnolog\u00eda, defiendo que se siga teniendo la opci\u00f3n de los creadores a usar todos los formatos existentes&#8221;, concluy\u00f3.<\/p>\n","protected":false},"excerpt":{"rendered":"<p>La pel\u00edcula &#8220;Roma&#8221; le permiti\u00f3 a Alfonso Cuar\u00f3n, &#8220;salir del cl\u00f3set&#8221;. Ganador del Oscar a Mejor direcci\u00f3n por &#8220;Gravedad&#8221;, la verdad es que tiene vena fotogr\u00e1fica y su m\u00e1s reciente cinta, ahora en posproducci\u00f3n, le permiti\u00f3 ponerse tras la c\u00e1mara de principio a fin.<\/p>\n","protected":false},"author":93,"featured_media":0,"comment_status":"open","ping_status":"open","sticky":false,"template":"","format":"standard","meta":{"footnotes":""},"categories":[41],"tags":[],"class_list":["post-46522","post","type-post","status-publish","format-standard","hentry","category-arteria-cultural"],"_links":{"self":[{"href":"https:\/\/plazajuarez.mx\/historico\/wp-json\/wp\/v2\/posts\/46522","targetHints":{"allow":["GET"]}}],"collection":[{"href":"https:\/\/plazajuarez.mx\/historico\/wp-json\/wp\/v2\/posts"}],"about":[{"href":"https:\/\/plazajuarez.mx\/historico\/wp-json\/wp\/v2\/types\/post"}],"author":[{"embeddable":true,"href":"https:\/\/plazajuarez.mx\/historico\/wp-json\/wp\/v2\/users\/93"}],"replies":[{"embeddable":true,"href":"https:\/\/plazajuarez.mx\/historico\/wp-json\/wp\/v2\/comments?post=46522"}],"version-history":[{"count":0,"href":"https:\/\/plazajuarez.mx\/historico\/wp-json\/wp\/v2\/posts\/46522\/revisions"}],"wp:attachment":[{"href":"https:\/\/plazajuarez.mx\/historico\/wp-json\/wp\/v2\/media?parent=46522"}],"wp:term":[{"taxonomy":"category","embeddable":true,"href":"https:\/\/plazajuarez.mx\/historico\/wp-json\/wp\/v2\/categories?post=46522"},{"taxonomy":"post_tag","embeddable":true,"href":"https:\/\/plazajuarez.mx\/historico\/wp-json\/wp\/v2\/tags?post=46522"}],"curies":[{"name":"wp","href":"https:\/\/api.w.org\/{rel}","templated":true}]}}