{"id":46518,"date":"2017-08-20T04:53:18","date_gmt":"2017-08-20T04:53:18","guid":{"rendered":"http:\/\/plazajuarez.mx\/index\/index.php\/2017\/08\/20\/siguen-los-operativos-para-combatir-trata-de-personas\/"},"modified":"2017-08-20T04:53:18","modified_gmt":"2017-08-20T04:53:18","slug":"siguen-los-operativos-para-combatir-trata-de-personas","status":"publish","type":"post","link":"https:\/\/plazajuarez.mx\/historico\/siguen-los-operativos-para-combatir-trata-de-personas\/","title":{"rendered":"Siguen los operativos para combatir trata de personas"},"content":{"rendered":"<p>INM \u00a0\u00a0\u00a0\u00a0 <br \/>\u00a0\u00a0 \u00a0\u2022\u00a0\u00a0 \u00a0T\u00e1cticos, principalmente, en bares y centros nocturnos de todo el estado\u2028<br \/>\u00a0\u00a0 \u00a0\u2022\u00a0\u00a0 \u00a0Segunda Feria Informativa para Prevenir y Erradicar la Trata de Personas\u2028<\/p>\n<p>  <!--more-->  <\/p>\n<p>El delegado del Instituto Nacional de Migraci\u00f3n (INM) en\u00a0Hidalgo, Jorge Islas Fuentes, explic\u00f3 que la dependencia a su cargo efect\u00faa operativos para combatir el delito de trata de personas, principalmente en bares y centros nocturnos de todo el estado.<br \/>Lo anterior, en el marco de la segunda Feria Informativa para Prevenir y Erradicar la Trata de Personas.<br \/>Mencion\u00f3 que coordinados con diferentes dependencias, han encontrado a mujeres extranjeras irregulares a quienes aplicaron la ley.<br \/>Sin embargo, abund\u00f3 que adem\u00e1s de los extranjeros irregulares, no han encontrado v\u00edctimas de trata en los t\u00e1cticos.<br \/>\u201cLa trata no es la esclavitud o la explotaci\u00f3n sexual, sino tambi\u00e9n la comercializaci\u00f3n del ser humano y no es posible que podamos permitir eso, tenemos que seguir trabajando intensamente para poder erradicarla en todo el estado\u201d, se\u00f1al\u00f3 Islas Fuentes.<br \/>Dijo que el delito tambi\u00e9n abarca la venta y extracci\u00f3n de \u00f3rganos y casos de esclavitud moderna que afecta no s\u00f3lo la voluntad, sino el bienestar y la voluntad de las personas. <br \/>\u201cHacemos una invitaci\u00f3n a la poblaci\u00f3n para que denuncien. Eso es muy importante para que las autoridades podamos actuar\u201d.<br \/>Finaliz\u00f3 diciendo que, junto con m\u00e1s de 25 dependencias de los tres \u00f3rdenes de gobierno, el INM realiz\u00f3, ayer, la feria informativa y continuar\u00e1n las acciones.<\/p>\n","protected":false},"excerpt":{"rendered":"<p>INM \u00a0\u00a0\u00a0\u00a0 \u00a0\u00a0 \u00a0\u2022\u00a0\u00a0 \u00a0T\u00e1cticos, principalmente, en bares y centros nocturnos de todo el estado\u2028\u00a0\u00a0 \u00a0\u2022\u00a0\u00a0 \u00a0Segunda Feria Informativa para Prevenir y Erradicar la Trata de Personas\u2028<\/p>\n","protected":false},"author":93,"featured_media":0,"comment_status":"open","ping_status":"open","sticky":false,"template":"","format":"standard","meta":{"footnotes":""},"categories":[59],"tags":[],"class_list":["post-46518","post","type-post","status-publish","format-standard","hentry","category-general"],"_links":{"self":[{"href":"https:\/\/plazajuarez.mx\/historico\/wp-json\/wp\/v2\/posts\/46518","targetHints":{"allow":["GET"]}}],"collection":[{"href":"https:\/\/plazajuarez.mx\/historico\/wp-json\/wp\/v2\/posts"}],"about":[{"href":"https:\/\/plazajuarez.mx\/historico\/wp-json\/wp\/v2\/types\/post"}],"author":[{"embeddable":true,"href":"https:\/\/plazajuarez.mx\/historico\/wp-json\/wp\/v2\/users\/93"}],"replies":[{"embeddable":true,"href":"https:\/\/plazajuarez.mx\/historico\/wp-json\/wp\/v2\/comments?post=46518"}],"version-history":[{"count":0,"href":"https:\/\/plazajuarez.mx\/historico\/wp-json\/wp\/v2\/posts\/46518\/revisions"}],"wp:attachment":[{"href":"https:\/\/plazajuarez.mx\/historico\/wp-json\/wp\/v2\/media?parent=46518"}],"wp:term":[{"taxonomy":"category","embeddable":true,"href":"https:\/\/plazajuarez.mx\/historico\/wp-json\/wp\/v2\/categories?post=46518"},{"taxonomy":"post_tag","embeddable":true,"href":"https:\/\/plazajuarez.mx\/historico\/wp-json\/wp\/v2\/tags?post=46518"}],"curies":[{"name":"wp","href":"https:\/\/api.w.org\/{rel}","templated":true}]}}