{"id":46516,"date":"2017-08-20T04:53:01","date_gmt":"2017-08-20T04:53:01","guid":{"rendered":"http:\/\/plazajuarez.mx\/index\/index.php\/2017\/08\/20\/abordaran-la-problematica-en-aplicacion-de-recursos\/"},"modified":"2017-08-20T04:53:01","modified_gmt":"2017-08-20T04:53:01","slug":"abordaran-la-problematica-en-aplicacion-de-recursos","status":"publish","type":"post","link":"https:\/\/plazajuarez.mx\/historico\/abordaran-la-problematica-en-aplicacion-de-recursos\/","title":{"rendered":"Abordar\u00e1n la problem\u00e1tica en aplicaci\u00f3n de recursos"},"content":{"rendered":"<p>OBSERVATORIO CIUDADANO \u00a0\u00a0<\/p>\n<p>  <!--more-->  <\/p>\n<p>El d\u00eda de ayer, se realiz\u00f3 la presentaci\u00f3n oficial de la Asociaci\u00f3n Civil &#8220;Observatorio Ciudadano&#8221; cuyo objetivo es abordar la problem\u00e1tica que actualmente se vive en la aplicaci\u00f3n de recursos.<br \/>Al respecto, el presidente de la asociaci\u00f3n, Ulises Escorza de la Rosa, dijo que un grupo de cuatro j\u00f3venes decidi\u00f3 integrar la alianza, &#8220;lo que vamos a realizar son observatorios, ya que luego de un proceso paulatino de 2 a\u00f1os, decidimos integrar este grupo.<br \/>\u201cEl enfoque es transversal de transparencia y rendici\u00f3n de cuenta, nos juntamos como grupo para observar la aplicaci\u00f3n de la cuenta p\u00fablica a trav\u00e9s de los mecanismos que la ley permita, y uno de ellos es la evaluaci\u00f3n de impacto, pues la ley no considera la forma evaluativa de desarrollarlo, ya que si el estado hace sus propios mecanismos, nosotros vamos a cuestionar a la gente sobre ello, sobre el trabajo realizado por parte de las autoridades&#8221;, mencion\u00f3 Escorza de la Rosa.<\/p>\n","protected":false},"excerpt":{"rendered":"<p>OBSERVATORIO CIUDADANO \u00a0\u00a0<\/p>\n","protected":false},"author":93,"featured_media":0,"comment_status":"open","ping_status":"open","sticky":false,"template":"","format":"standard","meta":{"footnotes":""},"categories":[59],"tags":[],"class_list":["post-46516","post","type-post","status-publish","format-standard","hentry","category-general"],"_links":{"self":[{"href":"https:\/\/plazajuarez.mx\/historico\/wp-json\/wp\/v2\/posts\/46516","targetHints":{"allow":["GET"]}}],"collection":[{"href":"https:\/\/plazajuarez.mx\/historico\/wp-json\/wp\/v2\/posts"}],"about":[{"href":"https:\/\/plazajuarez.mx\/historico\/wp-json\/wp\/v2\/types\/post"}],"author":[{"embeddable":true,"href":"https:\/\/plazajuarez.mx\/historico\/wp-json\/wp\/v2\/users\/93"}],"replies":[{"embeddable":true,"href":"https:\/\/plazajuarez.mx\/historico\/wp-json\/wp\/v2\/comments?post=46516"}],"version-history":[{"count":0,"href":"https:\/\/plazajuarez.mx\/historico\/wp-json\/wp\/v2\/posts\/46516\/revisions"}],"wp:attachment":[{"href":"https:\/\/plazajuarez.mx\/historico\/wp-json\/wp\/v2\/media?parent=46516"}],"wp:term":[{"taxonomy":"category","embeddable":true,"href":"https:\/\/plazajuarez.mx\/historico\/wp-json\/wp\/v2\/categories?post=46516"},{"taxonomy":"post_tag","embeddable":true,"href":"https:\/\/plazajuarez.mx\/historico\/wp-json\/wp\/v2\/tags?post=46516"}],"curies":[{"name":"wp","href":"https:\/\/api.w.org\/{rel}","templated":true}]}}