{"id":46514,"date":"2017-08-20T04:51:38","date_gmt":"2017-08-20T04:51:38","guid":{"rendered":"http:\/\/plazajuarez.mx\/index\/index.php\/2017\/08\/20\/acciones-de-sedatu-muestra-del-compromiso-con-la-justicia-social\/"},"modified":"2017-08-20T04:51:38","modified_gmt":"2017-08-20T04:51:38","slug":"acciones-de-sedatu-muestra-del-compromiso-con-la-justicia-social","status":"publish","type":"post","link":"https:\/\/plazajuarez.mx\/historico\/acciones-de-sedatu-muestra-del-compromiso-con-la-justicia-social\/","title":{"rendered":"Acciones de Sedatu, \u201cmuestra del compromiso con la justicia social\u201d"},"content":{"rendered":"<p>\u00a0\u00a0\u00a0 \u2022\u00a0\u00a0 \u00a0Diferentes programas que opera la dependencia, tienen el objetivo principal de mejorar la calidad de vida de los hidalguenses, mencion\u00f3 On\u00e9simo Serrano Gonz\u00e1lez\u2028<\/p>\n<p>  <!--more-->  <\/p>\n<p>\u201cLas acciones de la Sedatu que se impulsan en Hidalgo son muestra del compromiso con la justicia social, con el bienestar de las familias en situaci\u00f3n vulnerable\u201d, manifest\u00f3 On\u00e9simo Serrano Gonz\u00e1lez, titular de la Secretar\u00eda de Desarrollo Agrario, Territorial y Urbano (Sedatu) delegaci\u00f3n Hidalgo.<br \/>Manifest\u00f3 que los diferentes programas que opera la dependencia, tienen el objetivo principal de mejorar la calidad de vida de los hidalguenses, y en especial con el Fondo Nacional de Habitaciones Populares (Fonhapo), para la construcci\u00f3n de una rec\u00e1mara adicional contribuye a reducir el hacinamiento.<br \/>\u201cPermite mejorar la \u00a0calidad de vida y reducir el hacinamiento, el mejoramiento de la vivienda reduce la desigualdad social y es el elemento social para el desarrollo sostenible\u201d, dijo.<br \/>Por lo anterior, Serrano Gonz\u00e1lez puntualiz\u00f3 que la suma de voluntades entre los tres \u00f3rdenes de gobierno, permiten impulsar estrategias que contribuyan a disminuir \u00edndices de rezago social, y lograr el objetivo com\u00fan de erradicar la pobreza.<br \/>\u201cEl trabajo en los tres \u00f3rdenes, junto con las organizaciones campesinas y la sociedad civil organizada permitir\u00e1 construir un M\u00e9xico incluyente y un Hidalgo socialmente justo\u201d, asever\u00f3.<br \/>Destac\u00f3 que desde la Sedatu continuar\u00e1n este trabajo con organizaciones campesinas, por el bienestar del campo, \u201cpor la tierra, porque cada d\u00eda, cada familia campesina le vaya bien, porque si les va bien a los campesinos, le va bien a Hidalgo y a M\u00e9xico le va mejor\u201d. <br \/>Agreg\u00f3, \u201cTrabajaremos por la Mujeres jefas de familias, mujeres luchadoras, hombres que trabajan el campo para acabar con la pobreza; hag\u00e1moslo por el bien de M\u00e9xico, y por el bien de Hidalgo\u201d, remat\u00f3.<\/p>\n","protected":false},"excerpt":{"rendered":"<p>\u00a0\u00a0\u00a0 \u2022\u00a0\u00a0 \u00a0Diferentes programas que opera la dependencia, tienen el objetivo principal de mejorar la calidad de vida de los hidalguenses, mencion\u00f3 On\u00e9simo Serrano Gonz\u00e1lez\u2028<\/p>\n","protected":false},"author":93,"featured_media":0,"comment_status":"open","ping_status":"open","sticky":false,"template":"","format":"standard","meta":{"footnotes":""},"categories":[59],"tags":[],"class_list":["post-46514","post","type-post","status-publish","format-standard","hentry","category-general"],"_links":{"self":[{"href":"https:\/\/plazajuarez.mx\/historico\/wp-json\/wp\/v2\/posts\/46514","targetHints":{"allow":["GET"]}}],"collection":[{"href":"https:\/\/plazajuarez.mx\/historico\/wp-json\/wp\/v2\/posts"}],"about":[{"href":"https:\/\/plazajuarez.mx\/historico\/wp-json\/wp\/v2\/types\/post"}],"author":[{"embeddable":true,"href":"https:\/\/plazajuarez.mx\/historico\/wp-json\/wp\/v2\/users\/93"}],"replies":[{"embeddable":true,"href":"https:\/\/plazajuarez.mx\/historico\/wp-json\/wp\/v2\/comments?post=46514"}],"version-history":[{"count":0,"href":"https:\/\/plazajuarez.mx\/historico\/wp-json\/wp\/v2\/posts\/46514\/revisions"}],"wp:attachment":[{"href":"https:\/\/plazajuarez.mx\/historico\/wp-json\/wp\/v2\/media?parent=46514"}],"wp:term":[{"taxonomy":"category","embeddable":true,"href":"https:\/\/plazajuarez.mx\/historico\/wp-json\/wp\/v2\/categories?post=46514"},{"taxonomy":"post_tag","embeddable":true,"href":"https:\/\/plazajuarez.mx\/historico\/wp-json\/wp\/v2\/tags?post=46514"}],"curies":[{"name":"wp","href":"https:\/\/api.w.org\/{rel}","templated":true}]}}