{"id":46513,"date":"2017-08-20T04:54:10","date_gmt":"2017-08-20T04:54:10","guid":{"rendered":"http:\/\/plazajuarez.mx\/index\/index.php\/2017\/08\/20\/incrementa-el-turismo-en-corredor-de-la-montana\/"},"modified":"2017-08-20T04:54:10","modified_gmt":"2017-08-20T04:54:10","slug":"incrementa-el-turismo-en-corredor-de-la-montana","status":"publish","type":"post","link":"https:\/\/plazajuarez.mx\/historico\/incrementa-el-turismo-en-corredor-de-la-montana\/","title":{"rendered":"Incrementa el turismo en Corredor de la Monta\u00f1a"},"content":{"rendered":"<p>PER\u00cdODO VACACIONAL \u00a0\u00a0\u00a0 <br \/>\u00a0\u00a0 \u00a0\u2022\u00a0\u00a0 \u00a0Lo que contribuye a mejorar las expectativas econ\u00f3micas para la regi\u00f3n\u2028<\/p>\n<p>  <!--more-->  <\/p>\n<p>A s\u00f3lo un d\u00eda de culminar el per\u00edodo vacacional de verano, la afluencia de paseantes a los principales puntos del Corredor de la Monta\u00f1a increment\u00f3 de manera paulatina, lo que contribuye a mejorar las expectativas econ\u00f3micas para la regi\u00f3n.<br \/>Al respecto, Baltazar Ju\u00e1rez, prestador de servicios tur\u00edsticos, expuso que pese a no ser de las mejores temporadas de los \u00faltimos a\u00f1os, el balance de abundancia de visitantes ha sido aceptable.<br \/>\u201cLugares como Mineral del Monte, Huasca y Omitl\u00e1n son los que registraron una afluencia importante y eso es bueno para la zona, porque significa que el turismo gusta de venir a los Pueblos M\u00e1gicos y en consecuencia se traduce en trabajo para nosotros\u201d.<br \/>Lugares como Las Ventanas, Estanzuela, Pe\u00f1as Cargadas y El Cedral, as\u00ed como el Valle de los Enamorados, son los parajes naturales que cada d\u00eda registraron mayor n\u00famero de paseantes, y pese a que ya casi concluyen las vacaciones, existen familias que a\u00fan se quedan uno o dos d\u00edas m\u00e1s, por lo que los prestadores de servicios contin\u00faan ofertando calidad, \u201cya que hemos crecido en infraestructura y nos hemos convertido en una de las entidades sin litoral m\u00e1s visitadas por los turistas\u201d.<br \/>Asimismo, cabe hacer menci\u00f3n que la derrama econ\u00f3mica ha favorecido en gran medida a los prestadores de servicio de la zona, ya que se ha trabajado para que los visitantes tengan el deseo de regresar en posteriores ocasiones o como ya es costumbre, los fines de semana.<\/p>\n","protected":false},"excerpt":{"rendered":"<p>PER\u00cdODO VACACIONAL \u00a0\u00a0\u00a0 \u00a0\u00a0 \u00a0\u2022\u00a0\u00a0 \u00a0Lo que contribuye a mejorar las expectativas econ\u00f3micas para la regi\u00f3n\u2028<\/p>\n","protected":false},"author":93,"featured_media":0,"comment_status":"open","ping_status":"open","sticky":false,"template":"","format":"standard","meta":{"footnotes":""},"categories":[59],"tags":[],"class_list":["post-46513","post","type-post","status-publish","format-standard","hentry","category-general"],"_links":{"self":[{"href":"https:\/\/plazajuarez.mx\/historico\/wp-json\/wp\/v2\/posts\/46513","targetHints":{"allow":["GET"]}}],"collection":[{"href":"https:\/\/plazajuarez.mx\/historico\/wp-json\/wp\/v2\/posts"}],"about":[{"href":"https:\/\/plazajuarez.mx\/historico\/wp-json\/wp\/v2\/types\/post"}],"author":[{"embeddable":true,"href":"https:\/\/plazajuarez.mx\/historico\/wp-json\/wp\/v2\/users\/93"}],"replies":[{"embeddable":true,"href":"https:\/\/plazajuarez.mx\/historico\/wp-json\/wp\/v2\/comments?post=46513"}],"version-history":[{"count":0,"href":"https:\/\/plazajuarez.mx\/historico\/wp-json\/wp\/v2\/posts\/46513\/revisions"}],"wp:attachment":[{"href":"https:\/\/plazajuarez.mx\/historico\/wp-json\/wp\/v2\/media?parent=46513"}],"wp:term":[{"taxonomy":"category","embeddable":true,"href":"https:\/\/plazajuarez.mx\/historico\/wp-json\/wp\/v2\/categories?post=46513"},{"taxonomy":"post_tag","embeddable":true,"href":"https:\/\/plazajuarez.mx\/historico\/wp-json\/wp\/v2\/tags?post=46513"}],"curies":[{"name":"wp","href":"https:\/\/api.w.org\/{rel}","templated":true}]}}