{"id":46512,"date":"2017-08-20T04:51:11","date_gmt":"2017-08-20T04:51:11","guid":{"rendered":"http:\/\/plazajuarez.mx\/index\/index.php\/2017\/08\/20\/hijos-del-temporal\/"},"modified":"2017-08-20T04:51:11","modified_gmt":"2017-08-20T04:51:11","slug":"hijos-del-temporal","status":"publish","type":"post","link":"https:\/\/plazajuarez.mx\/historico\/hijos-del-temporal\/","title":{"rendered":"Hijos del temporal\u2026"},"content":{"rendered":"<p>La suerte es nuestra gu\u00eda; y no nos damos cuenta que precisamente es nuestra suerte la que necesita mucha ayuda para hacer su trabajo<\/p>\n<p>  <!--more-->  <\/p>\n<p>La mayor parte de la gente caminamos para donde el viento nos empuja, sorteamos el temporal y procuramos sobrevivir con lo que el d\u00eda nos va dando; nos quejamos, pero por lo general nuestra desdicha la acreditamos a las circunstancias; culpamos a los dem\u00e1s y se nos olvida hacer un an\u00e1lisis de nuestros actos y el consecuente cumplimiento de nuestras responsabilidades; somos hijos del temporal, y la suerte es nuestra gu\u00eda; y no nos damos cuenta que precisamente es nuestra suerte la que necesita mucha ayuda para hacer su trabajo, y esa ayuda, nosotros somos los \u00fanicos que podemos proporcion\u00e1rsela.<\/p>\n<p>Levantar la voz, para muchos es impensable; la flojera, la apat\u00eda, el miedo y la ignorancia, si hacen su chamba: nos paralizan, nos impiden ir m\u00e1s all\u00e1 de lo que el d\u00eda y nuestro escaso esfuerzo nos da; queremos sacarnos la loter\u00eda, a veces sin comprar el billete; Chava Flores nos dir\u00eda: \u201cA qu\u00e9 le tiras cuando sue\u00f1as mexicano\u201d.<\/p>\n<p>Quiz\u00e1 por ello nos hemos convertido en una poblaci\u00f3n que gustamos de ser guiados; quiz\u00e1 por ello, algunos simples mortales -el tuerto en tierra de ciegos- son elevados a rango de mes\u00edas; se les adora, se les venera, casi al punto de dar la vida por el gu\u00eda moral.<\/p>\n<p>Siempre me he preguntado qu\u00e9 es lo que hace que una persona sea seguida por multitudes; la respuesta no tiene nada de simple, si acaso, un com\u00fan denominador, el miedo de las masas; el temor a hacerse cargo de su propio destino; el miedo a vencer nuestro propio miedo; por ello las masas requieren que \u201calguien\u201d, lo haga por ellos.<\/p>\n<p>Pero es precisamente ese temor masificado el que le da la fuerza al l\u00edder; el que lo convierte en el mes\u00edas redentor, y \u00c9l lo sabe, huele los miedos de la masa y lo manipula, lo usa a su favor; sabe que nadie osar\u00e1 levantar la voz en su contra, pues la falta de organizaci\u00f3n de las masas los convierte en materia f\u00e1cil de controlar; pues si acaso hubiese alg\u00fan inconforme -que los hay por montones- pocos se atrever\u00e1n a enfrentarse al l\u00edder, por el miedo de que nadie lo siga en contra del dictador; teme que lo \u201cdejen morir solo\u201d; y ante esa perspectiva, decide quedarse callado, no actuar, permitiendo que los liderazgos mesi\u00e1nicos se perpet\u00faen, o al menos por un sexenio.<\/p>\n<p>Parte de los liderazgos mesi\u00e1nicos es darle a sus seguidores pan y circo; tocar los puntos que el l\u00edder sabe que ser\u00e1n apoyados.<\/p>\n<p>Los l\u00edderes pretender\u00e1n con cada uno de sus actos sacar beneficios no para sus gremios, sino para sus intereses particulares, pero llevando como inocente carne de ca\u00f1\u00f3n a sus fieles, a sus c\u00e1ndidos agremiados; y \u00e9stos, d\u00f3cilmente se dejan guiar hacia una lucha que no es de ellos. <\/p>\n<p>As\u00ed pasa, as\u00ed seguir\u00e1 pasando en tanto no nos sacudamos del marasmo en que nos tiene hundida nuestra indolencia; se dice que el valiente vive hasta que el cobarde quiere; los mexicanos no somos cobardes, cuando menos no de origen; pero nuestra nobleza, nuestro exceso de nobleza ha sido trastocada por desertores de la democracia, demagogos que han convertido nuestra nobleza en su alimento visceral.<\/p>\n<p>No hay miedo m\u00e1s irracional que el que es producto de la ignorancia, y en este caso, ignoramos que el mejor momento para vencer el miedo es asumi\u00e9ndolo, enfrentarlo; y decirle a nuestro gu\u00eda que a partir de ese momento no es m\u00e1s el l\u00edder, sino solo un representante de las mayor\u00edas.<\/p>\n<p>La vida que conocemos es s\u00f3lo \u00e9sta; el m\u00e1s all\u00e1 no sabemos de su existencia, es un improbable que tambi\u00e9n ha servido como medio de manipulaci\u00f3n; por ello, y como esta vida es la \u00fanica que conocemos, no la dejemos pasar en vano, dejar huella, trascender es parte de nuestro esquema; ya dejemos de ser hijos del temporal.<\/p>\n<p>Las palabras se las lleva el viento, pero mi pensamiento escrito est\u00e1.<\/p>\n","protected":false},"excerpt":{"rendered":"<p>La suerte es nuestra gu\u00eda; y no nos damos cuenta que precisamente es nuestra suerte la que necesita mucha ayuda para hacer su trabajo<\/p>\n","protected":false},"author":93,"featured_media":0,"comment_status":"open","ping_status":"open","sticky":false,"template":"","format":"standard","meta":{"footnotes":""},"categories":[42],"tags":[],"class_list":["post-46512","post","type-post","status-publish","format-standard","hentry","category-nuestrapalabra"],"_links":{"self":[{"href":"https:\/\/plazajuarez.mx\/historico\/wp-json\/wp\/v2\/posts\/46512","targetHints":{"allow":["GET"]}}],"collection":[{"href":"https:\/\/plazajuarez.mx\/historico\/wp-json\/wp\/v2\/posts"}],"about":[{"href":"https:\/\/plazajuarez.mx\/historico\/wp-json\/wp\/v2\/types\/post"}],"author":[{"embeddable":true,"href":"https:\/\/plazajuarez.mx\/historico\/wp-json\/wp\/v2\/users\/93"}],"replies":[{"embeddable":true,"href":"https:\/\/plazajuarez.mx\/historico\/wp-json\/wp\/v2\/comments?post=46512"}],"version-history":[{"count":0,"href":"https:\/\/plazajuarez.mx\/historico\/wp-json\/wp\/v2\/posts\/46512\/revisions"}],"wp:attachment":[{"href":"https:\/\/plazajuarez.mx\/historico\/wp-json\/wp\/v2\/media?parent=46512"}],"wp:term":[{"taxonomy":"category","embeddable":true,"href":"https:\/\/plazajuarez.mx\/historico\/wp-json\/wp\/v2\/categories?post=46512"},{"taxonomy":"post_tag","embeddable":true,"href":"https:\/\/plazajuarez.mx\/historico\/wp-json\/wp\/v2\/tags?post=46512"}],"curies":[{"name":"wp","href":"https:\/\/api.w.org\/{rel}","templated":true}]}}