{"id":46257,"date":"2017-08-16T13:46:31","date_gmt":"2017-08-16T13:46:31","guid":{"rendered":"http:\/\/plazajuarez.mx\/index\/index.php\/2017\/08\/16\/laura-vargas-se-declara-lista-para-servir-en-otra-responsabilidad\/"},"modified":"2017-08-16T13:46:31","modified_gmt":"2017-08-16T13:46:31","slug":"laura-vargas-se-declara-lista-para-servir-en-otra-responsabilidad","status":"publish","type":"post","link":"https:\/\/plazajuarez.mx\/historico\/laura-vargas-se-declara-lista-para-servir-en-otra-responsabilidad\/","title":{"rendered":"Laura Vargas se declara lista  para servir en otra responsabilidad"},"content":{"rendered":"<p>\u00a0<\/p>\n<p>La ex directora del Sistema Nacional para el Desarrollo Integral de la Familia (DIF) Laura Vargas Carrillo, se\u00f1al\u00f3 que en estos momentos se encuentra lista para servir en otra responsabilidad, si as\u00ed se da, mediante el llamado desde el Partido Revolucionario Institucional (PRI), lo anterior tras cuestionarla sobre el panorama electoral que se est\u00e1 generando dentro del tricolor rumbo al 2018.<\/p>\n<p>  <!--more-->  <\/p>\n<p>La esposa del secretario de gobernaci\u00f3n y exgobernador de Hidalgo, Miguel Osorio Chong, apunt\u00f3 que durante el tiempo que ha estado fuera de la administraci\u00f3n p\u00fablica, ha dedicado mayor tiempo a la familia as\u00ed como a realizar algunas labores en el hogar, sin embargo, no descart\u00f3 la posibilidad de regresar a la administraci\u00f3n p\u00fablica o a ocupar un puesto de representaci\u00f3n popular.<\/p>\n<p>\u201cEstoy dispuesta a servir, estoy lista para tener otra responsabilidad\u201d, dijo tras ser cuestionada sobre su posible participaci\u00f3n en la b\u00fasqueda de una curul en San L\u00e1zaro, sin embargo, apunt\u00f3 que no es tiempo para adelantar declaraciones, ya que en estos momentos los trabajos al interior del partido tricolor est\u00e1n generando distintos tipos de posibilidades para hacer frente al proceso electoral rumbo al 2018 en gran unidad.<\/p>\n<p>De igual forma, reconoci\u00f3 el trabajo que ha hecho el presidente de la rep\u00fablica, Enrique Pe\u00f1a Nieto, \u201cel partido trabaja de manera permanente, acabamos de participar, las personas del PRI, en la 22 asamblea nacional del partido, el trabajo es cotidiano, lo m\u00e1s importante es el trabajo que se hace a trav\u00e9s de nuestro mayor representante que es el presidente de la rep\u00fablica\u201d, dijo.<\/p>\n<p>Finalmente y rumbo al 2018, Vargas Carrillo fue interrogada sobre la posible candidatura a la presidencia \u00a0de su esposo, cuestionamiento al que respondi\u00f3 que a\u00fan no es tiempo para declaraciones adelantadas, que a\u00fan faltan muchas decisiones que se deber\u00e1n tomar, raz\u00f3n por la que adelant\u00f3 \u201chay muchos pri\u00edstas destacados que podr\u00edan ser muy buenos candidatos y muy buenos presidentes de M\u00e9xico\u201d. Y tras la insistencia de la prensa, asever\u00f3 que Miguel Osorio Chong s\u00ed tiene el perfil, como muchos otros, para abanderar al tricolor rumbo al 2018.<\/p>\n<p>Lo anterior, tras el cuarto informe de labores, realizado por Mar\u00eda de Lourdes Osorio Chong, actual delegada del Instituto Mexicano del Seguro Social (IMSS) en Hidalgo.<\/p>\n","protected":false},"excerpt":{"rendered":"<p>\u00a0 La ex directora del Sistema Nacional para el Desarrollo Integral de la Familia (DIF) Laura Vargas Carrillo, se\u00f1al\u00f3 que en estos momentos se encuentra lista para servir en otra responsabilidad, si as\u00ed se da, mediante el llamado desde el Partido Revolucionario Institucional (PRI), lo anterior tras cuestionarla sobre el panorama electoral que se est\u00e1 [&hellip;]<\/p>\n","protected":false},"author":3,"featured_media":0,"comment_status":"open","ping_status":"open","sticky":false,"template":"","format":"standard","meta":{"footnotes":""},"categories":[59],"tags":[],"class_list":["post-46257","post","type-post","status-publish","format-standard","hentry","category-general"],"_links":{"self":[{"href":"https:\/\/plazajuarez.mx\/historico\/wp-json\/wp\/v2\/posts\/46257","targetHints":{"allow":["GET"]}}],"collection":[{"href":"https:\/\/plazajuarez.mx\/historico\/wp-json\/wp\/v2\/posts"}],"about":[{"href":"https:\/\/plazajuarez.mx\/historico\/wp-json\/wp\/v2\/types\/post"}],"author":[{"embeddable":true,"href":"https:\/\/plazajuarez.mx\/historico\/wp-json\/wp\/v2\/users\/3"}],"replies":[{"embeddable":true,"href":"https:\/\/plazajuarez.mx\/historico\/wp-json\/wp\/v2\/comments?post=46257"}],"version-history":[{"count":0,"href":"https:\/\/plazajuarez.mx\/historico\/wp-json\/wp\/v2\/posts\/46257\/revisions"}],"wp:attachment":[{"href":"https:\/\/plazajuarez.mx\/historico\/wp-json\/wp\/v2\/media?parent=46257"}],"wp:term":[{"taxonomy":"category","embeddable":true,"href":"https:\/\/plazajuarez.mx\/historico\/wp-json\/wp\/v2\/categories?post=46257"},{"taxonomy":"post_tag","embeddable":true,"href":"https:\/\/plazajuarez.mx\/historico\/wp-json\/wp\/v2\/tags?post=46257"}],"curies":[{"name":"wp","href":"https:\/\/api.w.org\/{rel}","templated":true}]}}