{"id":46179,"date":"2017-08-14T11:34:06","date_gmt":"2017-08-14T11:34:06","guid":{"rendered":"http:\/\/plazajuarez.mx\/index\/index.php\/2017\/08\/14\/aspirantes-azules-se-asoman-a-los-spots-por-2018\/"},"modified":"2017-08-14T11:34:06","modified_gmt":"2017-08-14T11:34:06","slug":"aspirantes-azules-se-asoman-a-los-spots-por-2018","status":"publish","type":"post","link":"https:\/\/plazajuarez.mx\/historico\/aspirantes-azules-se-asoman-a-los-spots-por-2018\/","title":{"rendered":"Aspirantes azules se asoman a los spots por 2018"},"content":{"rendered":"<p>Bajo Reserva Expr\u00e9s<\/p>\n<p>  <!--more-->  <\/p>\n<p>Nos cuentan que ayer se llev\u00f3 a cabo el sorteo entre los senadores Ernesto Ruffo, Juan Carlos Romero Hicks, y el ex canciller Luis Ernesto Derbez, quienes aspiran a la candidatura presidencial del PAN, para saber en qu\u00e9 orden aparecer\u00e1n en los spots que entregar\u00e1n esta semana al Instituto Nacional Electoral.<br \/>Ruffo va primero, luego Derbez y al final aparecer\u00e1 el senador Romero Hicks.<br \/>En el promocional no aparecer\u00e1n por decisi\u00f3n propia la ex primera dama, Margarita Zavala ni el ex gobernador de Puebla, Rafael Moreno Valle.<br \/>Se espera que antes de que concluya la semana el INE les d\u00e9 luz verde para que comience a transmitirse de aqu\u00ed al 8 de septiembr<\/p>\n","protected":false},"excerpt":{"rendered":"<p>Bajo Reserva Expr\u00e9s<\/p>\n","protected":false},"author":93,"featured_media":0,"comment_status":"open","ping_status":"open","sticky":false,"template":"","format":"standard","meta":{"footnotes":""},"categories":[42],"tags":[],"class_list":["post-46179","post","type-post","status-publish","format-standard","hentry","category-nuestrapalabra"],"_links":{"self":[{"href":"https:\/\/plazajuarez.mx\/historico\/wp-json\/wp\/v2\/posts\/46179","targetHints":{"allow":["GET"]}}],"collection":[{"href":"https:\/\/plazajuarez.mx\/historico\/wp-json\/wp\/v2\/posts"}],"about":[{"href":"https:\/\/plazajuarez.mx\/historico\/wp-json\/wp\/v2\/types\/post"}],"author":[{"embeddable":true,"href":"https:\/\/plazajuarez.mx\/historico\/wp-json\/wp\/v2\/users\/93"}],"replies":[{"embeddable":true,"href":"https:\/\/plazajuarez.mx\/historico\/wp-json\/wp\/v2\/comments?post=46179"}],"version-history":[{"count":0,"href":"https:\/\/plazajuarez.mx\/historico\/wp-json\/wp\/v2\/posts\/46179\/revisions"}],"wp:attachment":[{"href":"https:\/\/plazajuarez.mx\/historico\/wp-json\/wp\/v2\/media?parent=46179"}],"wp:term":[{"taxonomy":"category","embeddable":true,"href":"https:\/\/plazajuarez.mx\/historico\/wp-json\/wp\/v2\/categories?post=46179"},{"taxonomy":"post_tag","embeddable":true,"href":"https:\/\/plazajuarez.mx\/historico\/wp-json\/wp\/v2\/tags?post=46179"}],"curies":[{"name":"wp","href":"https:\/\/api.w.org\/{rel}","templated":true}]}}