{"id":45991,"date":"2017-08-10T14:47:45","date_gmt":"2017-08-10T14:47:45","guid":{"rendered":"http:\/\/plazajuarez.mx\/index\/index.php\/2017\/08\/10\/se-registra-incendio-de-dos-camionetas-en-tezontepec-de-aldama\/"},"modified":"2017-08-10T14:47:45","modified_gmt":"2017-08-10T14:47:45","slug":"se-registra-incendio-de-dos-camionetas-en-tezontepec-de-aldama","status":"publish","type":"post","link":"https:\/\/plazajuarez.mx\/historico\/se-registra-incendio-de-dos-camionetas-en-tezontepec-de-aldama\/","title":{"rendered":"Se registra incendio de dos camionetas en Tezontepec de Aldama"},"content":{"rendered":"<p>En Tezontepec de Aldama en la comunidad de Binola en las inmediaciones con la colonia San Gabriel, se inform\u00f3 que est\u00e1 ma\u00f1ana se registr\u00f3 el incendio de dos camionetas que transportaban bidones de combustible de dudosa procedencia.<\/p>\n<p>  <!--more-->  <\/p>\n<p>Una de las camionetas fue hallada volcada, elementos de Protecci\u00f3n Civil Municipal trabajan en el lugar para combatir las llamas.<\/p>\n<p>No se reportan lesionados ni detenidos.<\/p>\n<p>Cuerpos policiacos se encuentran en el lugar.<\/p>\n","protected":false},"excerpt":{"rendered":"<p>En Tezontepec de Aldama en la comunidad de Binola en las inmediaciones con la colonia San Gabriel, se inform\u00f3 que est\u00e1 ma\u00f1ana se registr\u00f3 el incendio de dos camionetas que transportaban bidones de combustible de dudosa procedencia.<\/p>\n","protected":false},"author":6,"featured_media":0,"comment_status":"open","ping_status":"open","sticky":false,"template":"","format":"standard","meta":{"footnotes":""},"categories":[40],"tags":[],"class_list":["post-45991","post","type-post","status-publish","format-standard","hentry","category-region"],"_links":{"self":[{"href":"https:\/\/plazajuarez.mx\/historico\/wp-json\/wp\/v2\/posts\/45991","targetHints":{"allow":["GET"]}}],"collection":[{"href":"https:\/\/plazajuarez.mx\/historico\/wp-json\/wp\/v2\/posts"}],"about":[{"href":"https:\/\/plazajuarez.mx\/historico\/wp-json\/wp\/v2\/types\/post"}],"author":[{"embeddable":true,"href":"https:\/\/plazajuarez.mx\/historico\/wp-json\/wp\/v2\/users\/6"}],"replies":[{"embeddable":true,"href":"https:\/\/plazajuarez.mx\/historico\/wp-json\/wp\/v2\/comments?post=45991"}],"version-history":[{"count":0,"href":"https:\/\/plazajuarez.mx\/historico\/wp-json\/wp\/v2\/posts\/45991\/revisions"}],"wp:attachment":[{"href":"https:\/\/plazajuarez.mx\/historico\/wp-json\/wp\/v2\/media?parent=45991"}],"wp:term":[{"taxonomy":"category","embeddable":true,"href":"https:\/\/plazajuarez.mx\/historico\/wp-json\/wp\/v2\/categories?post=45991"},{"taxonomy":"post_tag","embeddable":true,"href":"https:\/\/plazajuarez.mx\/historico\/wp-json\/wp\/v2\/tags?post=45991"}],"curies":[{"name":"wp","href":"https:\/\/api.w.org\/{rel}","templated":true}]}}