{"id":45989,"date":"2017-08-10T12:00:26","date_gmt":"2017-08-10T12:00:26","guid":{"rendered":"http:\/\/plazajuarez.mx\/index\/index.php\/2017\/08\/10\/laguna-de-voces-254\/"},"modified":"2017-08-10T12:00:26","modified_gmt":"2017-08-10T12:00:26","slug":"laguna-de-voces-254","status":"publish","type":"post","link":"https:\/\/plazajuarez.mx\/historico\/laguna-de-voces-254\/","title":{"rendered":"LAGUNA DE VOCES"},"content":{"rendered":"<p>* Las ciudades destruye las costumbres\u2026<\/p>\n<p>  <!--more-->  <\/p>\n<p>\u201cLas distancias apartan las ciudades, las ciudades destruyen las costumbres\u201d, dec\u00eda Jos\u00e9 Alfredo Jim\u00e9nez, y en estos tiempos nos resignamos a ser testigos de c\u00f3mo la modernidad acaba con el pasado inmediato, el nuestro, que en alg\u00fan momento consideramos eterno. Nada m\u00e1s equivocado que pensar en la constancia de los lugares, cosas, personas que juramos ser\u00edan parte no solo de la existencia fr\u00e1gil -que es la de uno-, sino del universo entero.<br \/>\u00a0\u00a0 \u00a0Alg\u00fan tiempo atesor\u00e9, con la man\u00eda del que quiere construir un espacio ajeno a las veleidades del tiempo, discos de acetato que limpiaba con un algod\u00f3n humedecido en alcohol, para luego colocarlo, con el cuidado que exige la tarea de embalsamar para la posteridad cad\u00e1veres, en una funda delicada de pl\u00e1stico. Proteg\u00eda el cart\u00f3n que hac\u00eda de estuche con cinta para que no se rompiera y se asomara el preciado cuerpo de m\u00fasica.<br \/>\u00a0\u00a0 \u00a0Llegaron los cd y con todo y la nostalgia hice una pila de gigantescas ruedas de pl\u00e1stico para guardarlas en una caja, varias cajas, que se quedaron olvidadas en un rinc\u00f3n del librero.<br \/>\u00a0\u00a0 \u00a0De nuevo la man\u00eda regres\u00f3, ahora con cajitas de pl\u00e1stico duro que por ser mucho m\u00e1s peque\u00f1as, permit\u00edan su almacenaje a manera de libros. Ocuparon durante varios a\u00f1os un lugar preciado, a la espera de ser le\u00eddos por un rayo l\u00e1ser. Estaba seguro que finalmente pod\u00eda dar forma a una colecci\u00f3n que ser\u00eda herencia preciada para mis hijos.<br \/>\u00a0\u00a0 \u00a0Uno a uno escuchaba la m\u00fasica que guardaban las diminutas obleas plateadas, y cuando hab\u00eda la oportunidad compraba nuevos integrantes que acomodaba con singular esmero en el espacio predilecto que les hice en el estudio. Luc\u00edan sin duda como algo m\u00e1gico.<br \/>\u00a0\u00a0 \u00a0Hasta que llegaron unos artefactos semejantes a una cajita de chicles que pod\u00edan almacenar pr\u00e1cticamente la colecci\u00f3n entera de discos, de tal modo que ya no hab\u00eda necesidad de traer uno solo de los c\u00edrculos de plata. Sin embargo, pens\u00e9, tengo en mi posesi\u00f3n los originales y eso s\u00ed que es un tesoro.<br \/>\u00a0\u00a0 \u00a0Y de pronto sucedi\u00f3 lo que deb\u00eda suceder: en internet surgi\u00f3 una rocola gigantesca, monstruosa, capaz de buscar y poner en pocos segundos al artista, la pieza musical que se nos viniera a la mente. El progreso, la modernidad, de pronto acabaron con el valor que le hab\u00eda otorgado a los 500 o 600 cd que cre\u00eda eternos.<br \/>\u00a0\u00a0 \u00a0En el aire, sin necesidad de libreros, menos de estuches, transitaba la m\u00fasica, toda la m\u00fasica que pod\u00eda imaginar. Me gustara o no, la herencia que guardaba con celo en un lugar especial de la casa hab\u00eda perdido su valor fundamental.<br \/>\u00a0\u00a0 \u00a0El asunto es que nada, o muy poco, se puede hacer ante este proceso que de pronto nos deja sentados en alguna estaci\u00f3n del tren interminable que es la vida. La nostalgia se apodera de nosotros, juramos que era mejor la m\u00fasica en acetatos negros, o de a perdida en los cds. Pero sabemos que no es as\u00ed, que hace mucho tiempo que pas\u00f3 la luz del convoy sin que el conductor volteara a vernos.<br \/>\u00a0\u00a0 \u00a0Duele que as\u00ed sea, pero las cosas seguir\u00e1n sin nosotros, sin cada una de las peque\u00f1as man\u00edas que nos daban la certeza de pertenecer a alg\u00fan lado.<br \/>\u00a0\u00a0 \u00a0Supe, ya con Jos\u00e9 Alfredo en turno de la lista en spotify, que las ciudades acaban las costumbres, y la tecnolog\u00eda gustos de viejos que insisten en guardar lo que un tiempo ilumin\u00f3 su vida.<br \/>\u00a0\u00a0 \u00a0Mil gracias, hasta ma\u00f1ana.<\/p>\n<p>jeperalta@plazajuarez.mx\/historico\/historico<br \/>twitter: @JavierEPeralta<br \/>\u00a0\u00a0 \u00a0<\/p>\n<p>CITA:<br \/>\u00a0\u00a0 \u00a0Y de pronto sucedi\u00f3 lo que deb\u00eda suceder: en internet surgi\u00f3 una rocola gigantesca, monstruosa, capaz de buscar y poner en pocos segundos al artista, la pieza musical que se nos viniera a la mente. El progreso, la modernidad, de pronto acabaron con el valor que le hab\u00eda otorgado a los 500 o 600 cd que cre\u00eda eternos.<\/p>\n<p>\u00a0\u00a0 \u00a0<\/p>\n","protected":false},"excerpt":{"rendered":"<p>* Las ciudades destruye las costumbres\u2026<\/p>\n","protected":false},"author":93,"featured_media":0,"comment_status":"open","ping_status":"open","sticky":false,"template":"","format":"standard","meta":{"footnotes":""},"categories":[49],"tags":[],"class_list":["post-45989","post","type-post","status-publish","format-standard","hentry","category-javier-peralta"],"_links":{"self":[{"href":"https:\/\/plazajuarez.mx\/historico\/wp-json\/wp\/v2\/posts\/45989","targetHints":{"allow":["GET"]}}],"collection":[{"href":"https:\/\/plazajuarez.mx\/historico\/wp-json\/wp\/v2\/posts"}],"about":[{"href":"https:\/\/plazajuarez.mx\/historico\/wp-json\/wp\/v2\/types\/post"}],"author":[{"embeddable":true,"href":"https:\/\/plazajuarez.mx\/historico\/wp-json\/wp\/v2\/users\/93"}],"replies":[{"embeddable":true,"href":"https:\/\/plazajuarez.mx\/historico\/wp-json\/wp\/v2\/comments?post=45989"}],"version-history":[{"count":0,"href":"https:\/\/plazajuarez.mx\/historico\/wp-json\/wp\/v2\/posts\/45989\/revisions"}],"wp:attachment":[{"href":"https:\/\/plazajuarez.mx\/historico\/wp-json\/wp\/v2\/media?parent=45989"}],"wp:term":[{"taxonomy":"category","embeddable":true,"href":"https:\/\/plazajuarez.mx\/historico\/wp-json\/wp\/v2\/categories?post=45989"},{"taxonomy":"post_tag","embeddable":true,"href":"https:\/\/plazajuarez.mx\/historico\/wp-json\/wp\/v2\/tags?post=45989"}],"curies":[{"name":"wp","href":"https:\/\/api.w.org\/{rel}","templated":true}]}}