{"id":45988,"date":"2017-08-10T12:00:26","date_gmt":"2017-08-10T12:00:26","guid":{"rendered":"http:\/\/plazajuarez.mx\/index\/index.php\/2017\/08\/10\/alfil-negro-889\/"},"modified":"2017-08-10T12:00:26","modified_gmt":"2017-08-10T12:00:26","slug":"alfil-negro-889","status":"publish","type":"post","link":"https:\/\/plazajuarez.mx\/historico\/alfil-negro-889\/","title":{"rendered":"ALFIL NEGRO"},"content":{"rendered":"<p>ABSURDAMENTE SE EXPONE<br \/>SEGURIDAD DE UNIVERSITARIOS<\/p>\n<p>  <!--more-->  <\/p>\n<p>La Secretar\u00eda de Educaci\u00f3n P\u00fablica del Gobierno del Estado, con base en los pron\u00f3sticos de la evoluci\u00f3n del fen\u00f3meno meteorol\u00f3gico Franklin que ha hecho el Servicio Meteorol\u00f3gico Nacional dependiente de la Comisi\u00f3n Nacional del Agua y recomendaciones de Protecci\u00f3n Civil de la entidad, \u00a0\u00a0inform\u00f3 que estar\u00eda atenta a las disposiciones que diera el Comit\u00e9 Estatal de Emergencia fundamentalmente para salvaguardar la integridad de alumnas y alumnos como para participar en los protocolos de emergencia.<br \/>Se\u00f1al\u00f3 que en la prevenci\u00f3n de fuertes lluvias en todo el territorio y bajo su recomendaci\u00f3n \u201cSE DETERMINA que los d\u00edas jueves 10 de agosto y viernes 11 se suspenden clases en todos los planteles p\u00fablicos y privados de Educaci\u00f3n Media Superior y Superior del estado, reanud\u00e1ndose las actividades el lunes 14\u201d.<br \/>Y a\u00f1ade el comunicado que: \u201cse estima que las zonas donde se registrar\u00e1n mayores precipitaciones son la Huasteca, la Regi\u00f3n Otom\u00ed-Tepehua y el Valle de Tulancingo\u2019\u2019.<br \/>\u201cPor ello hemos solicitado al personal directivo y de supervisi\u00f3n en Educaci\u00f3n B\u00e1sica, as\u00ed como a las diferentes instituciones de Educaci\u00f3n Media Superior y Superior especialmente en la Regi\u00f3n Huasteca atender las recomendaciones de protecci\u00f3n civil para proteger a los estudiantes\u2019\u2019.<br \/>Esta ser\u00eda la parte medular del comunicado que parece no dejar lugar a dudas sobre su intenci\u00f3n, sus razones y sobre la responsabilidad de quienes lo reciben como encargados de las instituciones que deben atender el llamado.<br \/>SIN EMBARGO\u2026<br \/>Por la tarde el se\u00f1or Rector de la Universidad Aut\u00f3noma del Estado (UAEH), dio a conocer en un comunicado la decisi\u00f3n de las autoridades universitarias que se resumen en lo siguiente, \u201cLas labores educativas continuar\u00e1n con normalidad en todas sus escuelas e institutos, salvo en aquellos en los cuales las condiciones meteorol\u00f3gicas no lo permitan\u201d.<br \/>Y despu\u00e9s dice que como parte de las medidas de seguridad se invita a la comunidad universitaria a mantenerse informada a trav\u00e9s de los diferentes medios de comunicaci\u00f3n, tales como Radio UAEH en sus diferentes emisoras las redes sociales oficiales de la instituci\u00f3n donde se dar\u00e1n a conocer las determinaciones que se adopten frente a la posible contingencia en las pr\u00f3ximas horas.<br \/>\u00bfC\u00d3MO LA VE?\u2026<br \/>La universidad puede tomar esta decisi\u00f3n alegando su autonom\u00eda, que m\u00e1s bien parece capricho y una oportunidad de mostrarse como organismo contrario a la pol\u00edtica estatal, hasta el grado de exponer absurdamente la seguridad de los estudiantes en nombre de la autonom\u00eda y del \u201dno pasa nada\u201d.<br \/>Por otro lado es de llamar la atenci\u00f3n que en su comunicado el se\u00f1or Rector no invoque para nada las decisiones del estado, ni mencione las determinaciones que el gobierno ha tomado para salvaguardar la seguridad de la poblaci\u00f3n con organismos serios y profesionales. Incluso, cuando habla de las maneras de mantenerse informados no menciona a los organismos del gobierno nacional o estatales como CONAGUA o PROTECCI\u00d3N CIVIL y s\u00f3lo habla de sus medios de comunicaci\u00f3n lo que suena hasta rid\u00edculo pues es l\u00f3gico que el alcance de los medios nacionales o locales tienen m\u00e1s facilidad de alcance para las familias de los estudiantes y para ellos mismos.<br \/>Parece una mala decisi\u00f3n del se\u00f1or Rector que todos esperamos que no traiga ninguna consecuencia, porque tienen car\u00e1cter preventivo m\u00e1s que nada.<br \/>Pero su actitud refleja el encono del patr\u00f3n del se\u00f1or Rector que busca \u00a0pretextos para cobrarse afrentas que siente se le ha hecho, a \u00e9l, no a la universidad que de manera clara usa para sus fines particulares, as\u00ed se lleve en medio a los estudiantes como en este caso.<br \/>No pueden invocar que no estaban avisados pues s\u00ed lo estaban pero su respuesta es lo se\u00f1alado. Muy distinta es la actitud de otras instituciones de educaci\u00f3n superior como el Tec de Monterrey que asumi\u00f3 su compromiso con sus estudiantes y suspendi\u00f3 clases, pues la seguridad de los muchachos es primero.<br \/>Es cierto que la UAEH tiene bases para su decisi\u00f3n en la autonom\u00eda, o en su enorme af\u00e1n de estudiar, pero cu\u00e1ntas veces por motivos realmente peque\u00f1os han parado clases y cuando se trata de la seguridad de los estudiantes resulta que no pueden.<br \/>Cuando se mezcla la grilla con otros temas los protagonistas se ven rid\u00edculos como en este sainete en el que pierde el maestro ADOLFO PONTIGO LOYOLA&#8230; Pero la verdad, \u00bfqu\u00e9 le quedaba sino obedecer?&#8230; caso parecido al de Dami\u00e1n Sosa en el partido MC donde no se mueve una hoja si el patr\u00f3n no lo ordena.<br \/>Igual en la universidad\u2026 donde el hecho de que hoy los universitarios, pese a FRANKLIN tengan que ir a clases no es por decisi\u00f3n de su Rector sino de su patr\u00f3n.<br \/>L\u00e1stima\u2026<\/p>\n","protected":false},"excerpt":{"rendered":"<p>ABSURDAMENTE SE EXPONESEGURIDAD DE UNIVERSITARIOS<\/p>\n","protected":false},"author":93,"featured_media":0,"comment_status":"open","ping_status":"open","sticky":false,"template":"","format":"standard","meta":{"footnotes":""},"categories":[48],"tags":[],"class_list":["post-45988","post","type-post","status-publish","format-standard","hentry","category-adalberto-peralta"],"_links":{"self":[{"href":"https:\/\/plazajuarez.mx\/historico\/wp-json\/wp\/v2\/posts\/45988","targetHints":{"allow":["GET"]}}],"collection":[{"href":"https:\/\/plazajuarez.mx\/historico\/wp-json\/wp\/v2\/posts"}],"about":[{"href":"https:\/\/plazajuarez.mx\/historico\/wp-json\/wp\/v2\/types\/post"}],"author":[{"embeddable":true,"href":"https:\/\/plazajuarez.mx\/historico\/wp-json\/wp\/v2\/users\/93"}],"replies":[{"embeddable":true,"href":"https:\/\/plazajuarez.mx\/historico\/wp-json\/wp\/v2\/comments?post=45988"}],"version-history":[{"count":0,"href":"https:\/\/plazajuarez.mx\/historico\/wp-json\/wp\/v2\/posts\/45988\/revisions"}],"wp:attachment":[{"href":"https:\/\/plazajuarez.mx\/historico\/wp-json\/wp\/v2\/media?parent=45988"}],"wp:term":[{"taxonomy":"category","embeddable":true,"href":"https:\/\/plazajuarez.mx\/historico\/wp-json\/wp\/v2\/categories?post=45988"},{"taxonomy":"post_tag","embeddable":true,"href":"https:\/\/plazajuarez.mx\/historico\/wp-json\/wp\/v2\/tags?post=45988"}],"curies":[{"name":"wp","href":"https:\/\/api.w.org\/{rel}","templated":true}]}}