{"id":45871,"date":"2017-08-08T11:33:41","date_gmt":"2017-08-08T11:33:41","guid":{"rendered":"http:\/\/plazajuarez.mx\/index\/index.php\/2017\/08\/08\/dese-por-enterado-249\/"},"modified":"2020-04-14T19:08:00","modified_gmt":"2020-04-14T19:08:00","slug":"dese-por-enterado-249","status":"publish","type":"post","link":"https:\/\/plazajuarez.mx\/historico\/dese-por-enterado-249\/","title":{"rendered":"DESE por ENTERADO"},"content":{"rendered":"<p>ASAMBLEA NACIONAL TRICOLOR.- Sigue la cuenta regresiva pare el c\u00f3nclave pri\u00edsta en la ciudad de M\u00e9xico, del que se supone saldr\u00e1n con candidato presidencial, o por lo menos un retrato hablado muy cercano del que finalmente ser\u00e1 ungido con la nominaci\u00f3n. Y s\u00ed, se mantiene en la delantera sin cambio alguno el Secretario de Gobernaci\u00f3n, Miguel \u00c1ngel Osorio Chong. Solo que de plano se registrara una jugada mal\u00e9vola y misteriosa las cosas podr\u00edan cambiar. Es decir que decidieran jugarla a perder.<\/p>\n<p>  <!--more-->  <\/p>\n<p>\u00a0\u00a0 \u00a0\u00a0\u00a0 \u00a0\u00a0\u00a0 \u00a0\u00a0\u00a0 \u00a0\u00a0\u00a0 \u00a0***<\/p>\n<p>\u00bfSECUNDARIA EN LA UAEH?.- Pues como que no se le entiende bien a bien c\u00f3mo est\u00e1 eso de que nuestra M\u00e1xima Casa de Estudios ya le entr\u00f3 a la impartici\u00f3n de estudios de secundaria en las instalaciones de lo que actualmente es la Preparatoria n\u00famero 2 de Tulancingo. Y la raz\u00f3n es que dentro de los objetivos de un instituci\u00f3n como la Universidad Aut\u00f3noma del Estado de Hidalgo, no se contemplan los estudios de secundaria, porque luego saldr\u00e1n que habr\u00e1 Primaria y K\u00ednder Universitario. Sinceramente no le entendemos y ser\u00eda prudente que alguien explique, porque parecer\u00eda que quieren abarcar tanto que acabar\u00e1n por descuidar lo fundamental que son los niveles medio superior, superior y posgrado. Ser\u00eda prudente una revisi\u00f3n. Suponemos no se distraer\u00e1n recursos etiquetados para este nuevo proyecto, y que tampoco tendr\u00edan la tentaci\u00f3n de corar colegiaturas como de escuela particular.<br \/>\u00a0\u00a0 \u00a0\u00a0\u00a0 \u00a0\u00a0\u00a0 \u00a0\u00a0\u00a0 \u00a0\u00a0\u00a0 \u00a0***<br \/>RAFAEL HERN\u00c1NDEZ OLIN.- El director general de la Operadora de Eventos del estado de Hidalgo, trabaja en la organizaci\u00f3n de la Feria Pachuca 2017, que ya est\u00e1 a la vuelta de la esquina. Por principio de cuentas no cambia de sede. Ser\u00e1 en el lugar de siempre, aunque se prev\u00e9 que sea la \u00faltima vez. Hen\u00e1ndez Olin tiene un reto importante, porque adem\u00e1s de estrenarse pr\u00e1cticamente en el cargo con este evento, deber\u00e1 dejar muy en claro que la Operadora est\u00e1 cercana a laciudadan\u00eda, es parte de la misma, y no un ente ajeno y raro que nadie sab\u00eda a ciencia cierta a qu\u00e9 se dedicaba. Vaya reto.<br \/>\u00a0\u00a0 \u00a0\u00a0\u00a0 \u00a0\u00a0\u00a0 \u00a0\u00a0\u00a0 \u00a0\u00a0\u00a0 \u00a0***<br \/>SAYONARA Y LOS FANTASMAS.- La secretaria de Educaci\u00f3n P\u00fablica, Sayonara Vargas Rodr\u00edguez, ya dio con los primeros 36 profesores fantasmas que no se sabe en qu\u00e9 escuela imparten clases, ni d\u00f3nde o c\u00f3mo es que trabajan. Eso s\u00ed, cobran puntualmente sus quincenas. De este modo los fantasmas dichosos ser\u00e1n evidenciados y por supuesto mochados de la n\u00f3mina. Y esos son los primeros, porque es un hecho que hay m\u00e1s, muchos m\u00e1s.<br \/>\u00a0\u00a0 \u00a0\u00a0\u00a0 \u00a0\u00a0\u00a0 \u00a0\u00a0\u00a0 \u00a0\u00a0\u00a0 \u00a0***<br \/>Por hoy usted puede DARSE POR ENTERADO<br \/>desexenterado@gmail.com<br \/>@desexenterado<\/p>\n<p><\/p>\n","protected":false},"excerpt":{"rendered":"<p>ASAMBLEA NACIONAL TRICOLOR.- Sigue la cuenta regresiva pare el c\u00f3nclave pri\u00edsta en la ciudad de M\u00e9xico, del que se supone saldr\u00e1n con candidato presidencial, o por lo menos un retrato hablado muy cercano del que finalmente ser\u00e1 ungido con la nominaci\u00f3n. Y s\u00ed, se mantiene en la delantera sin cambio alguno el Secretario de Gobernaci\u00f3n, [&hellip;]<\/p>\n","protected":false},"author":93,"featured_media":0,"comment_status":"open","ping_status":"open","sticky":false,"template":"","format":"standard","meta":{"footnotes":""},"categories":[83,42],"tags":[66],"class_list":["post-45871","post","type-post","status-publish","format-standard","hentry","category-dese-por-enterado","category-nuestrapalabra","tag-dese"],"_links":{"self":[{"href":"https:\/\/plazajuarez.mx\/historico\/wp-json\/wp\/v2\/posts\/45871","targetHints":{"allow":["GET"]}}],"collection":[{"href":"https:\/\/plazajuarez.mx\/historico\/wp-json\/wp\/v2\/posts"}],"about":[{"href":"https:\/\/plazajuarez.mx\/historico\/wp-json\/wp\/v2\/types\/post"}],"author":[{"embeddable":true,"href":"https:\/\/plazajuarez.mx\/historico\/wp-json\/wp\/v2\/users\/93"}],"replies":[{"embeddable":true,"href":"https:\/\/plazajuarez.mx\/historico\/wp-json\/wp\/v2\/comments?post=45871"}],"version-history":[{"count":0,"href":"https:\/\/plazajuarez.mx\/historico\/wp-json\/wp\/v2\/posts\/45871\/revisions"}],"wp:attachment":[{"href":"https:\/\/plazajuarez.mx\/historico\/wp-json\/wp\/v2\/media?parent=45871"}],"wp:term":[{"taxonomy":"category","embeddable":true,"href":"https:\/\/plazajuarez.mx\/historico\/wp-json\/wp\/v2\/categories?post=45871"},{"taxonomy":"post_tag","embeddable":true,"href":"https:\/\/plazajuarez.mx\/historico\/wp-json\/wp\/v2\/tags?post=45871"}],"curies":[{"name":"wp","href":"https:\/\/api.w.org\/{rel}","templated":true}]}}