{"id":4584,"date":"2015-05-03T05:00:00","date_gmt":"2015-05-03T05:00:00","guid":{"rendered":"http:\/\/plazajuarez.mx\/index\/index.php\/2015\/05\/03\/baltimore-brutalidad-policiaca-y-desigualdad\/"},"modified":"2015-05-03T05:00:00","modified_gmt":"2015-05-03T05:00:00","slug":"baltimore-brutalidad-policiaca-y-desigualdad","status":"publish","type":"post","link":"https:\/\/plazajuarez.mx\/historico\/baltimore-brutalidad-policiaca-y-desigualdad\/","title":{"rendered":"Baltimore, brutalidad policiaca y desigualdad\u00a0\u00a0\u00a0\u00a0\u00a0\u00a0\u00a0\u00a0\u00a0"},"content":{"rendered":"<p>Los seis polic\u00edas responsables de la muerte del afroamericano Freddie Gray en Baltimore han sido acusados en tiempo r\u00e9cord. Lo habitual es la tardanza, la obstrucci\u00f3n de las investigaciones por parte de los sindicatos polic\u00edacos y la opacidad con que se litigan los casos de elementos acusados por golpizas o asesinatos de negros y latinos ampliamente documentados, sin importar que la evidencia est\u00e9 a la vista.<\/p>\n<p>  <!--more-->  <\/p>\n<p>\u00a0<\/p>\n<p>Hay un tufo racista en la actuaci\u00f3n de la polic\u00eda que se ha repetido en diversas ciudades de EU y frente a los cuales las reacciones son cada vez m\u00e1s airadas. En Baltimore \u2014ciudad con mayor\u00eda afroamericana\u2014 hubo violencia, disturbios, toque de queda\u00bc<\/p>\n<p>Seguramente contribuy\u00f3 a acelerar las investigaciones el estado de insurrecci\u00f3n violenta en que se hundi\u00f3 Baltimore en los \u00faltimos d\u00edas y la ampliaci\u00f3n de las protestas a otras ciudades. La Fiscal del estado para Baltimore, Marilyn J. Mosby, levant\u00f3 y dio a conocer los cargos en cuanto recibi\u00f3 el reporte de los ex\u00e1menes m\u00e9dicos y un d\u00eda despu\u00e9s de que la polic\u00eda concluyera su investigaci\u00f3n inicial y presentara los resultados. Este viernes la Fiscal declar\u00f3 que la muerte de Freddie Gray a manos de la polic\u00eda fue un homicidio. Seis agentes quedaron suspendidos y deber\u00e1n comparecer ante la justicia.<\/p>\n<p>El caso es verdaderamente escalofriante. Primero el joven fue detenido sin motivo con el argumento de que ten\u00eda una navaja. Fue maltratado, trasladado en condiciones inhumanas, esposado, amarrado de los pies, hasta que qued\u00f3 inconsciente y lleg\u00f3 a una estaci\u00f3n policiaca, despu\u00e9s de lo cual fue llevado a un hospital, donde perdi\u00f3 la vida. Ten\u00eda lesionados columna y cuello, hab\u00eda pedido auxilio y no fue escuchado y no fue atendido. Los cargos: asesinato involuntario, asalto y negligencia, la pena podr\u00eda ser de 30 a\u00f1os. Hay seis polic\u00edas detenidos. Y sin embargo, como sucede siempre, el representante del sindicato de polic\u00edas declar\u00f3 que actuaron bajo la ley.<\/p>\n<p>Lo que aconteci\u00f3 en Baltimore tiene sin duda tintes racistas cada vez m\u00e1s frecuentes en EU. Pero m\u00e1s all\u00e1 del racismo, en el fondo est\u00e1 la desigualdad social que enfrenta la sociedad de EU, que hunde en la pobreza y la falta de oportunidades a millones de estadounidenses, que los empuja a los m\u00e1rgenes y que est\u00e1 vinculada tambi\u00e9n con la falta de oportunidades, de educaci\u00f3n, de servicios de salud, de condiciones de vivienda digna, de adecuada alimentaci\u00f3n. En 2012, el l% de la poblaci\u00f3n acumul\u00f3 el 23% del ingreso.<\/p>\n<p>\u00a0<\/p>\n<p>Hace unas semanas Jill Lepore public\u00f3 en \u201cThe New Yorker\u201d un art\u00edculo titulado \u201cM\u00e1s ricos y m\u00e1s pobres, reconociendo la inequidad\u201d. La brecha de la desigualdad se ha ampliado de manera dram\u00e1tica. Pew Research Center aplic\u00f3 una encuesta en 44 pa\u00edses sobre lo que se consideraba la mayor amenaza para el mundo. En muchos pa\u00edses se consider\u00f3 que eran los problemas religiosos y el odio \u00e9tnico. Pero entre los estadounidenses y los europeos, es decir entre los pa\u00edses m\u00e1s ricos y las democracias m\u00e1s desarrolladas, la desigualdad fue considerada el mayor problema.<\/p>\n<p>Regresando a Baltimore, a la poblaci\u00f3n afroamericana y otras minor\u00edas, cada vez es m\u00e1s dif\u00edcil el ascenso social, la desigualdad se reproduce y las oportunidades son escasas. Hillary Clinton se\u00f1al\u00f3 que la prosperidad debiera medirse en torno a cuantos ni\u00f1os pueden salir de la pobreza y mantenerse fuera de prisi\u00f3n. Habr\u00eda que pensar cu\u00e1ntos pueden escalar por la educaci\u00f3n y los m\u00e9ritos propios sin encontrar cerradas las oportunidades. \u00bfO debe continuar midi\u00e9ndose s\u00f3lo por la riqueza acumulada por unos pocos y los grandes negocios, sin importar la falta de oportunidades y la pobreza de muchos?<\/p>\n<p>Este primero de mayo, D\u00eda del Trabajo, violentas protestas tuvieron lugar en ciudades de todos los continentes. La desigualdad y sus efectos est\u00e1 en la base del sistema econ\u00f3mico. Y la pregunta hoy es: \u00bfQu\u00e9 tanta desigualdad puede aguantar una sociedad en t\u00e9rminos de democracia, de cohesi\u00f3n social, de mercados y de gobernabilidad?<\/p>\n","protected":false},"excerpt":{"rendered":"<p>Los seis polic\u00edas responsables de la muerte del afroamericano Freddie Gray en Baltimore han sido acusados en tiempo r\u00e9cord. Lo habitual es la tardanza, la obstrucci\u00f3n de las investigaciones por parte de los sindicatos polic\u00edacos y la opacidad con que se litigan los casos de elementos acusados por golpizas o asesinatos de negros y latinos [&hellip;]<\/p>\n","protected":false},"author":93,"featured_media":0,"comment_status":"open","ping_status":"open","sticky":false,"template":"","format":"standard","meta":{"footnotes":""},"categories":[42],"tags":[],"class_list":["post-4584","post","type-post","status-publish","format-standard","hentry","category-nuestrapalabra"],"_links":{"self":[{"href":"https:\/\/plazajuarez.mx\/historico\/wp-json\/wp\/v2\/posts\/4584","targetHints":{"allow":["GET"]}}],"collection":[{"href":"https:\/\/plazajuarez.mx\/historico\/wp-json\/wp\/v2\/posts"}],"about":[{"href":"https:\/\/plazajuarez.mx\/historico\/wp-json\/wp\/v2\/types\/post"}],"author":[{"embeddable":true,"href":"https:\/\/plazajuarez.mx\/historico\/wp-json\/wp\/v2\/users\/93"}],"replies":[{"embeddable":true,"href":"https:\/\/plazajuarez.mx\/historico\/wp-json\/wp\/v2\/comments?post=4584"}],"version-history":[{"count":0,"href":"https:\/\/plazajuarez.mx\/historico\/wp-json\/wp\/v2\/posts\/4584\/revisions"}],"wp:attachment":[{"href":"https:\/\/plazajuarez.mx\/historico\/wp-json\/wp\/v2\/media?parent=4584"}],"wp:term":[{"taxonomy":"category","embeddable":true,"href":"https:\/\/plazajuarez.mx\/historico\/wp-json\/wp\/v2\/categories?post=4584"},{"taxonomy":"post_tag","embeddable":true,"href":"https:\/\/plazajuarez.mx\/historico\/wp-json\/wp\/v2\/tags?post=4584"}],"curies":[{"name":"wp","href":"https:\/\/api.w.org\/{rel}","templated":true}]}}