{"id":4581,"date":"2015-05-03T05:00:00","date_gmt":"2015-05-03T05:00:00","guid":{"rendered":"http:\/\/plazajuarez.mx\/index\/index.php\/2015\/05\/03\/la-asesinaran-en-la-pantalla-grande\/"},"modified":"2015-05-03T05:00:00","modified_gmt":"2015-05-03T05:00:00","slug":"la-asesinaran-en-la-pantalla-grande","status":"publish","type":"post","link":"https:\/\/plazajuarez.mx\/historico\/la-asesinaran-en-la-pantalla-grande\/","title":{"rendered":"La asesinar\u00e1n en la pantalla grande\u00a0\u00a0\u00a0\u00a0\u00a0\u00a0\u00a0\u00a0\u00a0"},"content":{"rendered":"<p>Entre agosto y septiembre de 1942, Gregorio \u201cGoyo\u201d C\u00e1rdenas, asesin\u00f3 a tres adolescentes y una preparatoriana, enterr\u00e1ndolas en el patio de su casa de Tacuba del Distrito Federal.<\/p>\n<p>  <!--more-->  <\/p>\n<p>\u00a0<\/p>\n<p>Para los crimin\u00f3logos es uno de los casos m\u00e1s interesantes, pues aunque desde ni\u00f1o torturaba animales, ten\u00eda un alto coeficiente intelectual que lo llev\u00f3 a tener un laboratorio.<\/p>\n<p>Ahora su historia ha sido llevada al cine por los realizadores Jos\u00e9 Buil (Manos libres) y Maryse Sistach (Perfume de violetas), como director y productora.<\/p>\n<p>Gabino Rodr\u00edguez (La ni\u00f1a en la piedra) interpreta a uno de los \u00faltimos hu\u00e9spedes del Palacio de Lecumberri y Sofia Espinosa (Gloria) a v\u00edctima.<\/p>\n<p>\u201cEst\u00e1 basada en el momento en que Gregorio cometi\u00f3 sus cr\u00edmenes, veremos el inicio de ese personaje que ten\u00eda de genial, pero era asesino\u201d, comenta Sofia, emocionada.<\/p>\n<p>Tres de las ahorcadas eran sexoservidoras menores de edad y, la \u00faltima, Graciela Arias, estudiante de 21 a\u00f1os que fue golpeada hasta la muerte, al negarse a darle un beso.<\/p>\n<p>\u00c9sta era hija de un reconocido penalista mexicano, por lo que r\u00e1pido las autoridades comenzaron su b\u00fasqueda.<\/p>\n<p>\u201cDe mi personaje hay mucho de ficci\u00f3n, porque no hay tanta informaci\u00f3n de ella en general.<\/p>\n<p>\u201cFue meternos mucho a la \u00e9poca de los cuarenta para ver c\u00f3mo era ese momento, mientras Gabino investig\u00f3 de su personaje, yo trabaj\u00e9 m\u00e1s en la relaci\u00f3n que ten\u00edan\u201d, cuenta Espinosa.<\/p>\n<p>Gloria, donde interpreta a la cantante regiomontana Gloria Trevi, lleg\u00f3 al mill\u00f3n de espectadores durante su corrida comercial en salas nacionales.<\/p>\n<p>\u201cPudo irle mejor, no s\u00e9, pero hubo muchas cosas como la pirater\u00eda (en DVD desde un mes antes del estreno) y ahora Gloria (la cantante) est\u00e1 apoyando el estreno en Estados Unidos, que ojal\u00e1 sirva\u201d, dice.<\/p>\n<p>Por ahora la tambi\u00e9n actriz en las series Capadocia y Bienvenida realidad espera el lanzamiento de Los ba\u00f1istas, filme que protagoniza y produce.<\/p>\n<p>Se encuentra nominada en la categor\u00eda de \u00d3pera Prima, en la entrega del Ariel, a lo mejor del cine mexicano, el mes pr\u00f3ximo.<\/p>\n<p>\u201cEstamos esperando resultados de distribuci\u00f3n, ojal\u00e1 y los Ariel ayuden a salir m\u00e1s adelante\u201d, subraya Sofia.<\/p>\n","protected":false},"excerpt":{"rendered":"<p>Entre agosto y septiembre de 1942, Gregorio \u201cGoyo\u201d C\u00e1rdenas, asesin\u00f3 a tres adolescentes y una preparatoriana, enterr\u00e1ndolas en el patio de su casa de Tacuba del Distrito Federal.<\/p>\n","protected":false},"author":93,"featured_media":0,"comment_status":"open","ping_status":"open","sticky":false,"template":"","format":"standard","meta":{"footnotes":""},"categories":[38],"tags":[],"class_list":["post-4581","post","type-post","status-publish","format-standard","hentry","category-show"],"_links":{"self":[{"href":"https:\/\/plazajuarez.mx\/historico\/wp-json\/wp\/v2\/posts\/4581","targetHints":{"allow":["GET"]}}],"collection":[{"href":"https:\/\/plazajuarez.mx\/historico\/wp-json\/wp\/v2\/posts"}],"about":[{"href":"https:\/\/plazajuarez.mx\/historico\/wp-json\/wp\/v2\/types\/post"}],"author":[{"embeddable":true,"href":"https:\/\/plazajuarez.mx\/historico\/wp-json\/wp\/v2\/users\/93"}],"replies":[{"embeddable":true,"href":"https:\/\/plazajuarez.mx\/historico\/wp-json\/wp\/v2\/comments?post=4581"}],"version-history":[{"count":0,"href":"https:\/\/plazajuarez.mx\/historico\/wp-json\/wp\/v2\/posts\/4581\/revisions"}],"wp:attachment":[{"href":"https:\/\/plazajuarez.mx\/historico\/wp-json\/wp\/v2\/media?parent=4581"}],"wp:term":[{"taxonomy":"category","embeddable":true,"href":"https:\/\/plazajuarez.mx\/historico\/wp-json\/wp\/v2\/categories?post=4581"},{"taxonomy":"post_tag","embeddable":true,"href":"https:\/\/plazajuarez.mx\/historico\/wp-json\/wp\/v2\/tags?post=4581"}],"curies":[{"name":"wp","href":"https:\/\/api.w.org\/{rel}","templated":true}]}}