{"id":45763,"date":"2017-08-06T14:09:28","date_gmt":"2017-08-06T14:09:28","guid":{"rendered":"http:\/\/plazajuarez.mx\/index\/index.php\/2017\/08\/06\/por-el-derecho-a-amamantar-sin-complejos-convocan-a-3er-tetaton\/"},"modified":"2017-08-06T14:09:28","modified_gmt":"2017-08-06T14:09:28","slug":"por-el-derecho-a-amamantar-sin-complejos-convocan-a-3er-tetaton","status":"publish","type":"post","link":"https:\/\/plazajuarez.mx\/historico\/por-el-derecho-a-amamantar-sin-complejos-convocan-a-3er-tetaton\/","title":{"rendered":"Por el derecho a amamantar sin complejos, convocan a 3er Tetat\u00f3n"},"content":{"rendered":"<p>Tulancingo <br \/>\u00a0\u00a0 \u00a0\u2022\u00a0\u00a0 \u00a0Esperan la participaci\u00f3n de unas 50 madres, este domingo, en el Centro Cultural Ricardo Garibay \u2028<\/p>\n<p>  <!--more-->  <\/p>\n<p>Con motivo de la Semana Internacional de Lactancia, este domingo tendr\u00e1 lugar en Tulancingo el tercer \u201cTetat\u00f3n\u201d, cuyo objetivo es reunir al mayor n\u00famero de mujeres para lactar en p\u00fablico y enviar un mensaje a la sociedad, respecto al acto natural de amamantar y cambiar la mentalidad negativa que algunos sectores de la sociedad han impregnado a este acto.<br \/>Lo anterior fue se\u00f1alado por la activista Karen Montiel Alonso, quien se\u00f1al\u00f3 que este evento es avalado e ingresa a las estad\u00edsticas del Fondo de las Naciones Unidas para la Infancia (UNICEF)<br \/>\u201cSe busca que la sociedad sea m\u00e1s emp\u00e1tica con las mujeres que est\u00e1n en lactancia, y para generar valor, respeto a las mujeres que deciden estar amamantando en lugares p\u00fablicos, privados o donde sea; pero que sepan que las mujeres tienen ese derecho a amamantar\u201d, subray\u00f3 la activista.<br \/>Resalt\u00f3 este es un acto natural, de amor, incluso de v\u00ednculo fraternal entre madre e hijo que, sin embargo, ha recibido en los \u00faltimos a\u00f1os discriminaci\u00f3n, abusos, miradas y comentarios negativos que incluso han ocasionado que mujeres sean corridas de lugares p\u00fablicas.<br \/>Por lo anterior, exhort\u00f3 no s\u00f3lo al sector femenino, sino tambi\u00e9n a los varones a apoyar en pareja este evento que tendr\u00e1 cita en el Centro Cultural Ricardo Garibay, a partir de las 10 de la ma\u00f1ana; donde tambi\u00e9n se impartir\u00e1n pl\u00e1ticas relacionadas con el tema de la lactancia y maternidad, adem\u00e1s de otras actividades.<br \/>Con este evento se busca tambi\u00e9n conformar un grupo de lactancia e identificar el n\u00famero de mujeres que est\u00e1n en esta etapa, cuyas estad\u00edsticas son enviadas a la UNICEF; por lo que el mismo Tetat\u00f3n se realiza en diversas ciudades del pa\u00eds y a nivel nacional.<br \/>Enfatiz\u00f3 en que la sociedad deber\u00eda de apoyar este acto, ya que es un hecho de nutrici\u00f3n, no s\u00f3lo el aspecto f\u00edsico sino tambi\u00e9n emocional e intelectual de los ni\u00f1os, ya que, entre otros beneficios, los ni\u00f1os crecen con mayor seguridad, y mejor nutridos.<br \/>Se crear\u00e1 adem\u00e1s una galer\u00eda de fotos con las mujeres participantes, al momento que destac\u00f3 que, de acuerdo a la Organizaci\u00f3n Mundial de la Salud, la edad de lactancia puede alcanzar los dos a\u00f1os.<br \/>Reconoci\u00f3 la necesidad de creaci\u00f3n de un lactario p\u00fablico en Tulancingo, para tener un lugar digno donde la mujer pueda seguir amamantando; adem\u00e1s de que las pol\u00edticas empresariales deben tambi\u00e9n apoyar a sus trabajadoras que est\u00e1n en esta etapa.<br \/>\u201cLa OMS ha identificado cient\u00edficamente que la leche materna favorece el desarrollo del lenguaje, sirve para evitar el c\u00e1ncer, la obesidad, la diabetes; genera nutrici\u00f3n, los ni\u00f1os crecen con esp\u00edritu, con mayor seguridad, en fin en muchos aspectos\u201d, concluy\u00f3.<\/p>\n","protected":false},"excerpt":{"rendered":"<p>Tulancingo \u00a0\u00a0 \u00a0\u2022\u00a0\u00a0 \u00a0Esperan la participaci\u00f3n de unas 50 madres, este domingo, en el Centro Cultural Ricardo Garibay \u2028<\/p>\n","protected":false},"author":93,"featured_media":0,"comment_status":"open","ping_status":"open","sticky":false,"template":"","format":"standard","meta":{"footnotes":""},"categories":[40],"tags":[],"class_list":["post-45763","post","type-post","status-publish","format-standard","hentry","category-region"],"_links":{"self":[{"href":"https:\/\/plazajuarez.mx\/historico\/wp-json\/wp\/v2\/posts\/45763","targetHints":{"allow":["GET"]}}],"collection":[{"href":"https:\/\/plazajuarez.mx\/historico\/wp-json\/wp\/v2\/posts"}],"about":[{"href":"https:\/\/plazajuarez.mx\/historico\/wp-json\/wp\/v2\/types\/post"}],"author":[{"embeddable":true,"href":"https:\/\/plazajuarez.mx\/historico\/wp-json\/wp\/v2\/users\/93"}],"replies":[{"embeddable":true,"href":"https:\/\/plazajuarez.mx\/historico\/wp-json\/wp\/v2\/comments?post=45763"}],"version-history":[{"count":0,"href":"https:\/\/plazajuarez.mx\/historico\/wp-json\/wp\/v2\/posts\/45763\/revisions"}],"wp:attachment":[{"href":"https:\/\/plazajuarez.mx\/historico\/wp-json\/wp\/v2\/media?parent=45763"}],"wp:term":[{"taxonomy":"category","embeddable":true,"href":"https:\/\/plazajuarez.mx\/historico\/wp-json\/wp\/v2\/categories?post=45763"},{"taxonomy":"post_tag","embeddable":true,"href":"https:\/\/plazajuarez.mx\/historico\/wp-json\/wp\/v2\/tags?post=45763"}],"curies":[{"name":"wp","href":"https:\/\/api.w.org\/{rel}","templated":true}]}}