{"id":45761,"date":"2017-08-06T14:08:36","date_gmt":"2017-08-06T14:08:36","guid":{"rendered":"http:\/\/plazajuarez.mx\/index\/index.php\/2017\/08\/06\/tipos-en-moto-asesinan-a-dueno-de-bar-de-la-feria-de-tulancingo\/"},"modified":"2017-08-06T14:08:36","modified_gmt":"2017-08-06T14:08:36","slug":"tipos-en-moto-asesinan-a-dueno-de-bar-de-la-feria-de-tulancingo","status":"publish","type":"post","link":"https:\/\/plazajuarez.mx\/historico\/tipos-en-moto-asesinan-a-dueno-de-bar-de-la-feria-de-tulancingo\/","title":{"rendered":"Tipos en moto asesinan a due\u00f1o de bar de la feria de Tulancingo"},"content":{"rendered":"<p>Tulancingo <br \/>\u00a0\u00a0 \u00a0\u2022\u00a0\u00a0 \u00a0A eso de las 5 de la madrugada circulaba por San Nicol\u00e1s, rumbo a su domicilio, cuando fue baleado\u00a0\u2028<\/p>\n<p>  <!--more-->  <\/p>\n<p>El due\u00f1o de un bar instalado al interior de la feria de Tulancingo, en la colonia Jaltepec, fue asesinado la madrugada de este s\u00e1bado por impactos de arma de fuego, por dos individuos desconocidos, cuando circulaba a bordo de su veh\u00edculo, a la altura del crucero de Acatl\u00e1n<br \/>\u00a0<br \/>De acuerdo con versiones polic\u00edacas, se pudo conocer que la v\u00edctima era el due\u00f1o de un bar instalado en el recinto ferial con la raz\u00f3n social \u201cBolt\u201d, y \u00a0al circular sobre el bulevar Quetzalc\u00f3atl, de la colonia San Nicol\u00e1s, a bordo de su autom\u00f3vil Chrysler, Intrepid, de color negro, fue interceptado por dos tipos a bordo de una motocicleta y vestidos de negro, quienes le cerraron el paso y dispararon contra la humanidad del ahora occiso.<br \/>\u00a0<br \/>El fallecido, de nombre Manuel M. C., de 53 a\u00f1os de edad, con domicilio en la colonia La Escondida, muri\u00f3 instant\u00e1neamente en el lugar de los hechos, debido a las heridas que le causaron sus agresores, quienes huyeron inmediatamente tras lograr su cometido. <br \/>\u00a0<br \/>Las primeras indagatorias arrojaron que el fallecido ten\u00eda antecedentes de haber sostenido una ri\u00f1a, en d\u00edas anteriores, con una pareja que entr\u00f3 a su negocio a ingerir bebidas et\u00edlicas, golpe\u00e1ndose y amenaz\u00e1ndose mutuamente.<br \/>\u00a0<br \/>Asimismo, momentos antes del homicidio hubo otro incidente vial con el conductor de una camioneta Ford, tipo Courier, con el cual tambi\u00e9n se generaron ofensas y amenazas, por lo que se presume que \u00e9stas podr\u00edan ser las l\u00edneas de investigaci\u00f3n.<br \/>\u00a0<br \/>Integrantes del H. Cuerpo de Bomberos de Tulancingo fueron los primeros en llegar al sitio y corroboraron que la v\u00edctima ya no contaba con signos vitales; por lo que se dio paso al aseguramiento de la zona por parte de la polic\u00eda municipal, quienes fungieron como primeros respondientes, hasta el arribo de la Polic\u00eda Investigadora. <br \/>\u00a0<br \/>Finalmente, al lugar de los hechos llegaron tambi\u00e9n familiares del fallecido, quienes se opon\u00edan a que se llevaran el veh\u00edculo para las investigaciones respectivas, tratando de impedir la labor de los agentes.<\/p>\n","protected":false},"excerpt":{"rendered":"<p>Tulancingo \u00a0\u00a0 \u00a0\u2022\u00a0\u00a0 \u00a0A eso de las 5 de la madrugada circulaba por San Nicol\u00e1s, rumbo a su domicilio, cuando fue baleado\u00a0\u2028<\/p>\n","protected":false},"author":93,"featured_media":0,"comment_status":"open","ping_status":"open","sticky":false,"template":"","format":"standard","meta":{"footnotes":""},"categories":[40],"tags":[],"class_list":["post-45761","post","type-post","status-publish","format-standard","hentry","category-region"],"_links":{"self":[{"href":"https:\/\/plazajuarez.mx\/historico\/wp-json\/wp\/v2\/posts\/45761","targetHints":{"allow":["GET"]}}],"collection":[{"href":"https:\/\/plazajuarez.mx\/historico\/wp-json\/wp\/v2\/posts"}],"about":[{"href":"https:\/\/plazajuarez.mx\/historico\/wp-json\/wp\/v2\/types\/post"}],"author":[{"embeddable":true,"href":"https:\/\/plazajuarez.mx\/historico\/wp-json\/wp\/v2\/users\/93"}],"replies":[{"embeddable":true,"href":"https:\/\/plazajuarez.mx\/historico\/wp-json\/wp\/v2\/comments?post=45761"}],"version-history":[{"count":0,"href":"https:\/\/plazajuarez.mx\/historico\/wp-json\/wp\/v2\/posts\/45761\/revisions"}],"wp:attachment":[{"href":"https:\/\/plazajuarez.mx\/historico\/wp-json\/wp\/v2\/media?parent=45761"}],"wp:term":[{"taxonomy":"category","embeddable":true,"href":"https:\/\/plazajuarez.mx\/historico\/wp-json\/wp\/v2\/categories?post=45761"},{"taxonomy":"post_tag","embeddable":true,"href":"https:\/\/plazajuarez.mx\/historico\/wp-json\/wp\/v2\/tags?post=45761"}],"curies":[{"name":"wp","href":"https:\/\/api.w.org\/{rel}","templated":true}]}}