{"id":45760,"date":"2017-08-06T14:11:47","date_gmt":"2017-08-06T14:11:47","guid":{"rendered":"http:\/\/plazajuarez.mx\/index\/index.php\/2017\/08\/06\/llevan-a-cabo-siete-brigadas-de-limpieza\/"},"modified":"2017-08-06T14:11:47","modified_gmt":"2017-08-06T14:11:47","slug":"llevan-a-cabo-siete-brigadas-de-limpieza","status":"publish","type":"post","link":"https:\/\/plazajuarez.mx\/historico\/llevan-a-cabo-siete-brigadas-de-limpieza\/","title":{"rendered":"Llevan a cabo siete Brigadas de limpieza"},"content":{"rendered":"<p>Tolcayuca <\/p>\n<p>\u00a0\u00a0 \u00a0\u2022\u00a0\u00a0 \u00a0En cada jornada participan una cuadrilla de 30 personas conformadas por personal administrativo del Ayuntamiento\u2028<\/p>\n<p>  <!--more-->  <\/p>\n<p>El Ayuntamiento, por instrucciones del presidente municipal Humberto M\u00e9rida de la Cruz, ha realizado brigadas de limpieza en todas las comunidades, recolectando un total de 10 toneladas de basura. <br \/>Desde abril hasta la fecha han llevado a cabo siete brigadas, afirm\u00f3 el director de Servicios Municipales, Francisco Reyes Flores.<br \/>La limpieza la hacen con la finalidad de que la poblaci\u00f3n disminuya la contaminaci\u00f3n en las calles, agreg\u00f3.<br \/>Estas actividades han sido apoyadas de manera activa por la Comisi\u00f3n de Salud del Ayuntamiento, que dirige la regidora Dolores Garc\u00eda, quien afirm\u00f3 que es importante que la ciudadan\u00eda contribuya para tener un mejor ambiente. <br \/>Las siete brigadas de limpieza se han realizado en las comunidades General Felipe \u00c1ngeles, Las Pintas, Santiago Tlajomulco, Vicente Guerrero y zona centro.<br \/>Se tiene programado un calendario hasta diciembre, en el que realizar\u00e1n dos brigadas al mes. En cada jornada participa una cuadrilla de 30 personas quienes son administrativos de Presidencia Municipal.<br \/>El director de Servicios Municipales se\u00f1al\u00f3 que el proyecto de las brigadas surgieron en el Plan Municipal de Desarrollo; y en los pr\u00f3ximos meses van a trabajar con las escuelas, en coordinaci\u00f3n con la Direcci\u00f3n de Ecolog\u00eda y Medio Ambiente, llevando pl\u00e1ticas a los estudiantes, sobre el reciclaje, separaci\u00f3n de la basura, tipos de contaminaci\u00f3n; sumado brigadas de limpieza en sus instalaciones.<br \/>Finalmente, a trav\u00e9s de estas brigadas tambi\u00e9n, se hace un llamado a la poblaci\u00f3n para que no tire basura en las calles y avenidas, ni en los cauces de los r\u00edos, ya que los desechos obstruyen las coladeras lo que ocasiona inundaciones y desbordamiento de aguas negras, dijo el director de Servicios Municipales.<\/p>\n","protected":false},"excerpt":{"rendered":"<p>Tolcayuca \u00a0\u00a0 \u00a0\u2022\u00a0\u00a0 \u00a0En cada jornada participan una cuadrilla de 30 personas conformadas por personal administrativo del Ayuntamiento\u2028<\/p>\n","protected":false},"author":93,"featured_media":0,"comment_status":"open","ping_status":"open","sticky":false,"template":"","format":"standard","meta":{"footnotes":""},"categories":[40],"tags":[],"class_list":["post-45760","post","type-post","status-publish","format-standard","hentry","category-region"],"_links":{"self":[{"href":"https:\/\/plazajuarez.mx\/historico\/wp-json\/wp\/v2\/posts\/45760","targetHints":{"allow":["GET"]}}],"collection":[{"href":"https:\/\/plazajuarez.mx\/historico\/wp-json\/wp\/v2\/posts"}],"about":[{"href":"https:\/\/plazajuarez.mx\/historico\/wp-json\/wp\/v2\/types\/post"}],"author":[{"embeddable":true,"href":"https:\/\/plazajuarez.mx\/historico\/wp-json\/wp\/v2\/users\/93"}],"replies":[{"embeddable":true,"href":"https:\/\/plazajuarez.mx\/historico\/wp-json\/wp\/v2\/comments?post=45760"}],"version-history":[{"count":0,"href":"https:\/\/plazajuarez.mx\/historico\/wp-json\/wp\/v2\/posts\/45760\/revisions"}],"wp:attachment":[{"href":"https:\/\/plazajuarez.mx\/historico\/wp-json\/wp\/v2\/media?parent=45760"}],"wp:term":[{"taxonomy":"category","embeddable":true,"href":"https:\/\/plazajuarez.mx\/historico\/wp-json\/wp\/v2\/categories?post=45760"},{"taxonomy":"post_tag","embeddable":true,"href":"https:\/\/plazajuarez.mx\/historico\/wp-json\/wp\/v2\/tags?post=45760"}],"curies":[{"name":"wp","href":"https:\/\/api.w.org\/{rel}","templated":true}]}}