{"id":45757,"date":"2017-08-06T14:05:28","date_gmt":"2017-08-06T14:05:28","guid":{"rendered":"http:\/\/plazajuarez.mx\/index\/index.php\/2017\/08\/06\/futbol-nacional-777\/"},"modified":"2017-08-06T14:05:28","modified_gmt":"2017-08-06T14:05:28","slug":"futbol-nacional-777","status":"publish","type":"post","link":"https:\/\/plazajuarez.mx\/historico\/futbol-nacional-777\/","title":{"rendered":"Futbol Nacional"},"content":{"rendered":"<p>Am\u00e9rica vence a los Pumas en el cl\u00e1sico capitalino<\/p>\n<p>  <!--more-->  <\/p>\n<p>Un penalti cobrado por el mediocampista Cecilio Dom\u00ednguez decidi\u00f3 para los azulcrema el partido entre Am\u00e9rica y Pumas, que tuvo lugar la noche de \u00a0ayer en el Estadio Azteca.\u00a0\u2028El futbolista paraguayo va en camino a ser uno de los favoritos de la afici\u00f3n con su participaci\u00f3n en momentos importantes: despu\u00e9s de que su compa\u00f1ero Silvio Romero hab\u00eda fallado un penal cobrado a lo &#8220;panenka&#8221; en el primer tiempo, el &#8220;10&#8221; de las \u00c1guilas tom\u00f3 el bal\u00f3n para cobrar un segundo tiro de castigo a su favor. Repiti\u00f3 la dosis y acert\u00f3; el arquero Sald\u00edvar no aguant\u00f3 al centro como lo hab\u00eda hecho minutos atr\u00e1s y se venci\u00f3. El marcador final concluy\u00f3 2-1 a favor de los de coapa.<br \/>\u2028El partido fue una disputa intensa por cada bal\u00f3n, donde los peque\u00f1os descuidos pod\u00edan provocar la p\u00e9rdida del esf\u00e9rico, pero el equipo azulcrema fue el que se desempe\u00f1\u00f3 de mejor forma en la delantera, aunque Agust\u00edn Marches\u00edn tambi\u00e9n tuvo importante papel para evitar la ca\u00edda de su marco en un par de ocasiones del primer tiempo.\u00a0\u2028Las \u00c1guilas iniciaron las acciones en el marcado con un contragolpe encabezado por Darwin Quintero por la banda derecha; antes de entrar al \u00e1rea mand\u00f3 un centro precis\u00f3 y bombeado que recibi\u00f3 Oribe Peralta en soledad, y frente a la salida del partido conect\u00f3 con un sutil remate para superarlo por arriba y mover la red. Ventaja temprana al minuto 20.\u00a0Por Pumas Marc\u00f3 Nicol\u00e1s Castillo.\u2028**<\/p>\n<p>JIM\u00c9NEZ ANOTA \u00a0Y ES CAMPE\u00d3N \u00a0DE LA SUPERCOPA \u00a0DE PORTUGAL <\/p>\n<p>El mexicano Ra\u00fal Jim\u00e9nez anot\u00f3 el tercer gol en la victoria del Benfica frente al Vitoria Guimaraes, para as\u00ed coronarse en la Supercopa de Portugal.<br \/>El ariete mexicano entr\u00f3 de cambio al minuto 81, y tan s\u00f3lo unos minutos despu\u00e9s en la primera pelota que toc\u00f3, el surgido en Am\u00e9rica dispar\u00f3 de pierna derecha colocando el esf\u00e9rico dentro del arco rival. <br \/>El encuentro termin\u00f3 3-1 para darle a las \u00c1guilas su primer t\u00edtulo de la temporada, mientras que Jim\u00e9nez a pesar de los pocos minutos de actividad, comienza con el pie derecho su participaci\u00f3n con el cuadro lusitano.<\/p>\n","protected":false},"excerpt":{"rendered":"<p>Am\u00e9rica vence a los Pumas en el cl\u00e1sico capitalino<\/p>\n","protected":false},"author":93,"featured_media":0,"comment_status":"open","ping_status":"open","sticky":false,"template":"","format":"standard","meta":{"footnotes":""},"categories":[39],"tags":[],"class_list":["post-45757","post","type-post","status-publish","format-standard","hentry","category-deportiva"],"_links":{"self":[{"href":"https:\/\/plazajuarez.mx\/historico\/wp-json\/wp\/v2\/posts\/45757","targetHints":{"allow":["GET"]}}],"collection":[{"href":"https:\/\/plazajuarez.mx\/historico\/wp-json\/wp\/v2\/posts"}],"about":[{"href":"https:\/\/plazajuarez.mx\/historico\/wp-json\/wp\/v2\/types\/post"}],"author":[{"embeddable":true,"href":"https:\/\/plazajuarez.mx\/historico\/wp-json\/wp\/v2\/users\/93"}],"replies":[{"embeddable":true,"href":"https:\/\/plazajuarez.mx\/historico\/wp-json\/wp\/v2\/comments?post=45757"}],"version-history":[{"count":0,"href":"https:\/\/plazajuarez.mx\/historico\/wp-json\/wp\/v2\/posts\/45757\/revisions"}],"wp:attachment":[{"href":"https:\/\/plazajuarez.mx\/historico\/wp-json\/wp\/v2\/media?parent=45757"}],"wp:term":[{"taxonomy":"category","embeddable":true,"href":"https:\/\/plazajuarez.mx\/historico\/wp-json\/wp\/v2\/categories?post=45757"},{"taxonomy":"post_tag","embeddable":true,"href":"https:\/\/plazajuarez.mx\/historico\/wp-json\/wp\/v2\/tags?post=45757"}],"curies":[{"name":"wp","href":"https:\/\/api.w.org\/{rel}","templated":true}]}}