{"id":45756,"date":"2017-08-06T14:04:48","date_gmt":"2017-08-06T14:04:48","guid":{"rendered":"http:\/\/plazajuarez.mx\/index\/index.php\/2017\/08\/06\/futbol-nacional-776\/"},"modified":"2017-08-06T14:04:48","modified_gmt":"2017-08-06T14:04:48","slug":"futbol-nacional-776","status":"publish","type":"post","link":"https:\/\/plazajuarez.mx\/historico\/futbol-nacional-776\/","title":{"rendered":"Futbol Nacional"},"content":{"rendered":"<p>LA M\u00c1QUINA LO HACE DE NUEVO; LE\u00d3N LO EMPAT\u00d3 EN EL \u00daLTIMO MINUTO<\/p>\n<p>  <!--more-->  <\/p>\n<p>Da lo mismo el rival, el estadio y la ciudad, Cruz Azul siempre hace de las suyas.\u00a0\u2028Minuto 89. La M\u00e1quina ganaba 2-1. Tiro de esquina para los Panzas Verdes. Sobra decir que los capitalinos se dejaron empatar. El partido concluy\u00f3 2-2. En otros resultados Gallos y \u00a0Tigres empataron 1-1 y Chivas y Necaxa igualaron 2-2.<\/p>\n<p>**<br \/>H\u00c9CTOR MANCILLA ANUNCI\u00d3 SU RETIRO DE LAS CANCHAS <\/p>\n<p>\u00a0El futbolista chileno H\u00e9ctor Mancilla se despidi\u00f3 del futbol este s\u00e1bado con un mensaje en su cuenta de Twitter. En la carta que public\u00f3 en dicha red social el delantero se dijo triste por dejar el futbol despu\u00e9s de 17 a\u00f1os de carrera. Mancilla tuvo su \u00faltima participaci\u00f3n en las canchas con los Lobos BUAP de Rafael Puente en la divisi\u00f3n de ascenso.\u00a0\u2028En su mensaje dej\u00f3 en claro que seguir\u00e1 jugando de forma amateur en el llano o con sus amigos. &#8220;El futbol es mi pasi\u00f3n y lo seguir\u00e1 siendo. Conoc\u00ed mucha gente buena y de todo en general, pero me voy feliz, porque entregu\u00e9 todo. <\/p>\n","protected":false},"excerpt":{"rendered":"<p>LA M\u00c1QUINA LO HACE DE NUEVO; LE\u00d3N LO EMPAT\u00d3 EN EL \u00daLTIMO MINUTO<\/p>\n","protected":false},"author":93,"featured_media":0,"comment_status":"open","ping_status":"open","sticky":false,"template":"","format":"standard","meta":{"footnotes":""},"categories":[39],"tags":[],"class_list":["post-45756","post","type-post","status-publish","format-standard","hentry","category-deportiva"],"_links":{"self":[{"href":"https:\/\/plazajuarez.mx\/historico\/wp-json\/wp\/v2\/posts\/45756","targetHints":{"allow":["GET"]}}],"collection":[{"href":"https:\/\/plazajuarez.mx\/historico\/wp-json\/wp\/v2\/posts"}],"about":[{"href":"https:\/\/plazajuarez.mx\/historico\/wp-json\/wp\/v2\/types\/post"}],"author":[{"embeddable":true,"href":"https:\/\/plazajuarez.mx\/historico\/wp-json\/wp\/v2\/users\/93"}],"replies":[{"embeddable":true,"href":"https:\/\/plazajuarez.mx\/historico\/wp-json\/wp\/v2\/comments?post=45756"}],"version-history":[{"count":0,"href":"https:\/\/plazajuarez.mx\/historico\/wp-json\/wp\/v2\/posts\/45756\/revisions"}],"wp:attachment":[{"href":"https:\/\/plazajuarez.mx\/historico\/wp-json\/wp\/v2\/media?parent=45756"}],"wp:term":[{"taxonomy":"category","embeddable":true,"href":"https:\/\/plazajuarez.mx\/historico\/wp-json\/wp\/v2\/categories?post=45756"},{"taxonomy":"post_tag","embeddable":true,"href":"https:\/\/plazajuarez.mx\/historico\/wp-json\/wp\/v2\/tags?post=45756"}],"curies":[{"name":"wp","href":"https:\/\/api.w.org\/{rel}","templated":true}]}}